{"id":792,"date":"2023-11-17T09:13:37","date_gmt":"2023-11-17T08:13:37","guid":{"rendered":"https:\/\/europe-land.eu\/?p=792"},"modified":"2024-02-09T14:20:51","modified_gmt":"2024-02-09T13:20:51","slug":"calling-for-papers-igc2024","status":"publish","type":"post","link":"https:\/\/europe-land.eu\/sk\/news\/calling-for-papers-igc2024\/","title":{"rendered":"Zasadnutie o budovan\u00ed kapac\u00edt Eur\u00f3pa-ZEME po\u010das IGC2024"},"content":{"rendered":"<p><a href=\"https:\/\/igc2024dublin.org\/call-for-abstracts\/\" target=\"_blank\" rel=\"noreferrer noopener\">35<sup>th<\/sup> Medzin\u00e1rodn\u00fd geografick\u00fd kongres 2024, 24<sup>th<\/sup> do 30<sup>th<\/sup> august 2024 v Dubline<\/a> - Partneri projektu Europe-LAND pod veden\u00edm rumunskej agent\u00fary IGAR bud\u00fa hosti\u0165 osobitn\u00e9 zasadnutie na t\u00e9mu \"Strat\u00e9gie vyu\u017e\u00edvania p\u00f4dy a hospod\u00e1renia s p\u00f4dou na \u00fa\u010dely prisp\u00f4sobenia sa zmene kl\u00edmy a zachovania biodiverzity\". Pridajte sa k nim a z\u00fa\u010dastnite sa celodenn\u00e9ho vzdel\u00e1vania o ot\u00e1zkach s\u00favisiacich s vyu\u017e\u00edvan\u00edm p\u00f4dy a hospod\u00e1ren\u00edm s p\u00f4dou s oh\u013eadom na zmenu kl\u00edmy a vplyv na biodiverzitu.<\/p>","protected":false},"excerpt":{"rendered":"<p>35. medzin\u00e1rodn\u00fd geografick\u00fd kongres 2024, 24. a\u017e 30. augusta 2024 v Dubline - partneri projektu Europe-LAND pod veden\u00edm rumunskej organiz\u00e1cie IGAR bud\u00fa hosti\u0165 \u0161peci\u00e1lnu...<\/p>","protected":false},"author":6,"featured_media":0,"comment_status":"closed","ping_status":"closed","sticky":false,"template":"","format":"standard","meta":{"footnotes":""},"categories":[1],"tags":[],"class_list":["post-792","post","type-post","status-publish","format-standard","hentry","category-news"],"featured_image_url":[],"post_author":"Megan Curling","assigned_categories":"News","featured_image_src":null,"author_info":{"display_name":"Megan Curling","author_link":"https:\/\/europe-land.eu\/sk\/participant\/mcurling\/"},"_links":{"self":[{"href":"https:\/\/europe-land.eu\/sk\/wp-json\/wp\/v2\/posts\/792","targetHints":{"allow":["GET"]}}],"collection":[{"href":"https:\/\/europe-land.eu\/sk\/wp-json\/wp\/v2\/posts"}],"about":[{"href":"https:\/\/europe-land.eu\/sk\/wp-json\/wp\/v2\/types\/post"}],"author":[{"embeddable":true,"href":"https:\/\/europe-land.eu\/sk\/wp-json\/wp\/v2\/users\/6"}],"replies":[{"embeddable":true,"href":"https:\/\/europe-land.eu\/sk\/wp-json\/wp\/v2\/comments?post=792"}],"version-history":[{"count":2,"href":"https:\/\/europe-land.eu\/sk\/wp-json\/wp\/v2\/posts\/792\/revisions"}],"predecessor-version":[{"id":947,"href":"https:\/\/europe-land.eu\/sk\/wp-json\/wp\/v2\/posts\/792\/revisions\/947"}],"wp:attachment":[{"href":"https:\/\/europe-land.eu\/sk\/wp-json\/wp\/v2\/media?parent=792"}],"wp:term":[{"taxonomy":"category","embeddable":true,"href":"https:\/\/europe-land.eu\/sk\/wp-json\/wp\/v2\/categories?post=792"},{"taxonomy":"post_tag","embeddable":true,"href":"https:\/\/europe-land.eu\/sk\/wp-json\/wp\/v2\/tags?post=792"}],"curies":[{"name":"wp","href":"https:\/\/api.w.org\/{rel}","templated":true}]}}