{"id":1535,"date":"2025-07-22T13:20:00","date_gmt":"2025-07-22T11:20:00","guid":{"rendered":"https:\/\/europe-land.eu\/?p=1535"},"modified":"2026-03-04T10:04:19","modified_gmt":"2026-03-04T09:04:19","slug":"call-for-papers-leveraging-agricultural-data-from-the-eus-integrated-administration-and-control-system-iacs-for-research-and-policy","status":"publish","type":"post","link":"https:\/\/europe-land.eu\/sk\/news\/call-for-papers-leveraging-agricultural-data-from-the-eus-integrated-administration-and-control-system-iacs-for-research-and-policy\/","title":{"rendered":"V\u00fdzva na predkladanie pr\u00edspevkov: Vyu\u017eitie po\u013enohospod\u00e1rskych \u00fadajov z Integrovan\u00e9ho administrat\u00edvneho a kontroln\u00e9ho syst\u00e9mu E\u00da (IACS) pre v\u00fdskum a politiku"},"content":{"rendered":"<p><\/p>\n\n\n\n<p>Projekt Europe-LAND s hrdos\u0165ou upozor\u0148uje na zauj\u00edmav\u00fa pr\u00edle\u017eitos\u0165 pre v\u00fdskumn\u00fdch pracovn\u00edkov, ktor\u00ed pracuj\u00fa na priese\u010dn\u00edku po\u013enohospod\u00e1rstva, vyu\u017e\u00edvania p\u00f4dy, biodiverzity a klimatickej politiky: \u0161peci\u00e1lne vydanie \u010dasopisu <em>Journal of Land Use Science<\/em> zameran\u00fd na <strong>\u201c<a href=\"https:\/\/think.taylorandfrancis.com\/special_issues\/leveraging-iacs-data\/\" data-type=\"link\" data-id=\"https:\/\/think.taylorandfrancis.com\/special_issues\/leveraging-iacs-data\/\">Vyu\u017eitie po\u013enohospod\u00e1rskych \u00fadajov z Integrovan\u00e9ho administrat\u00edvneho a kontroln\u00e9ho syst\u00e9mu E\u00da (IACS) pre v\u00fdskum a politiku<\/a>\u201c<\/strong><\/p>\n\n\n\n<p><a href=\"https:\/\/think.taylorandfrancis.com\/special_issues\/leveraging-iacs-data\/\" data-type=\"link\" data-id=\"https:\/\/think.taylorandfrancis.com\/special_issues\/leveraging-iacs-data\/\">Open for manuscript submissions<\/a> until <strong>30 May 2026<\/strong> vyz\u00fdva na origin\u00e1lny v\u00fdskum, ktor\u00fd vyu\u017e\u00edva \u00fadaje IACS na:<\/p>\n\n\n\n<ul class=\"wp-block-list\">\n<li><strong>Pos\u00fadenie mo\u017enost\u00ed a obmedzen\u00ed \u00fadajov IACS<\/strong>&nbsp;poskytova\u0165 usmernenia pre pou\u017e\u00edvate\u013eov \u00fadajov a zasadzova\u0165 sa za zverej\u0148ovanie komplexnej\u0161\u00edch a kvalitnej\u0161\u00edch s\u00faborov \u00fadajov vn\u00fatro\u0161t\u00e1tnymi spr\u00e1vnymi org\u00e1nmi.<\/li>\n\n\n\n<li><strong>Analyzova\u0165 rozhodnutia po\u013enohospod\u00e1rov o obhospodarovan\u00ed p\u00f4dy<\/strong>, najm\u00e4 pokia\u013e ide o rozmanitos\u0165 plod\u00edn a vzory striedania plod\u00edn v eur\u00f3pskom meradle s cie\u013eom vyhodnoti\u0165 ich vplyv na biodiverzitu, zdravie p\u00f4dy, \u017eivobytie po\u013enohospod\u00e1rskych podnikov a odolnos\u0165 vo\u010di zmene kl\u00edmy.<\/li>\n\n\n\n<li><strong>Vypracovanie typol\u00f3gi\u00ed po\u013enohospod\u00e1rskych podnikov<\/strong>&nbsp;klasifikova\u0165 po\u013enohospod\u00e1rske podniky na z\u00e1klade ich \u0161trukt\u00fary, vyu\u017e\u00edvania agroenvironment\u00e1lnych opatren\u00ed a soci\u00e1lno-ekonomick\u00fdch charakterist\u00edk s cie\u013eom u\u013eah\u010di\u0165 cielenie politiky a regula\u010dn\u00e9 z\u00e1sahy.<\/li>\n\n\n\n<li><strong>Vyhodnoti\u0165 \u00fa\u010dinnos\u0165 s\u00fa\u010dasn\u00fdch po\u013enohospod\u00e1rskych polit\u00edk<\/strong>&nbsp;a&nbsp;<strong>prisp\u00f4sobenie bud\u00facich polit\u00edk konkr\u00e9tnym po\u013enohospod\u00e1rskym syst\u00e9mom.<\/strong>&nbsp;vyu\u017e\u00edvan\u00edm \u00fadajov IACS na rie\u0161enie potrieb na region\u00e1lnej \u00farovni a na \u00farovni po\u013enohospod\u00e1rskych podnikov, \u010d\u00edm sa zlep\u0161\u00ed \u00fa\u010dinnos\u0165 politiky a v\u00fdsledky udr\u017eate\u013enosti.<\/li>\n\n\n\n<li><strong>Presk\u00fama\u0165 faktory ovplyv\u0148uj\u00face prij\u00edmanie agroenvironment\u00e1lnych opatren\u00ed<\/strong>&nbsp;a identifikova\u0165 prek\u00e1\u017eky ich implement\u00e1cie so zameran\u00edm na podporu postupov, ktor\u00e9 s\u00fa v s\u00falade s prioritami E\u00da, ako je sekvestr\u00e1cia uhl\u00edka, ochrana biodiverzity, obnova pr\u00edrody a strat\u00e9gie pre zdravie p\u00f4dy.<\/li>\n\n\n\n<li><strong>Integr\u00e1cia \u00fadajov IACS s in\u00fdmi s\u00fabormi \u00fadajov<\/strong>, napr\u00edklad pre po\u013enohospod\u00e1rsku produktivitu, \u00fa\u010dtovn\u00edctvo po\u013enohospod\u00e1rskych podnikov, prieskumy po\u013enohospod\u00e1rskych podnikov alebo environment\u00e1lne ukazovatele, alebo pou\u017eitie IACS ako referen\u010dn\u00fdch \u00fadajov pre in\u00e9 aplik\u00e1cie, napr\u00edklad dia\u013ekov\u00fd prieskum po\u013enohospod\u00e1rskych syst\u00e9mov.<\/li>\n\n\n\n<li><strong>Zlep\u0161enie postupov v oblasti otvoren\u00fdch \u00fadajov a vedy<\/strong>, vr\u00e1tane postupov harmoniz\u00e1cie \u00fadajov IACS v \u010dlensk\u00fdch \u0161t\u00e1toch, dodr\u017eiavania z\u00e1sad otvorenej vedy a podpory spolupr\u00e1ce medzi jednotliv\u00fdmi discipl\u00ednami.<\/li>\n<\/ul>\n\n\n\n<p>Cie\u013eom tohto vydania je na z\u00e1klade \u010doraz dostupnej\u0161\u00edch priestorov\u00fdch a \u0161tatistick\u00fdch po\u013enohospod\u00e1rskych \u00fadajov s vysok\u00fdm rozl\u00ed\u0161en\u00edm poskytn\u00fa\u0165 pl\u00e1n na vyu\u017eitie \u00fadajov IACS na podporu udr\u017eate\u013en\u00fdch po\u013enohospod\u00e1rskych prechodov a informovanie o politike v r\u00f4znych mierkach v celej E\u00da.<\/p>\n\n\n\n<h3 class=\"wp-block-heading\">Zozn\u00e1mte sa s hos\u0165uj\u00facimi redaktormi<\/h3>\n\n\n\n<p>Obzvl\u00e1\u0161\u0165 n\u00e1s te\u0161\u00ed, \u017ee t\u00fato iniciat\u00edvu vedie nieko\u013eko \u010dlenov konzorcia Eur\u00f3pa - ZEME:<\/p>\n\n\n\n<ul class=\"wp-block-list\">\n<li><strong>Tom\u00e1\u0161 V\u00e1clav\u00edk<\/strong> - Univerzita Palack\u00e9ho v Olomouci (\u010cesk\u00e1 republika)<\/li>\n\n\n\n<li><strong>Heidi Leonhardtov\u00e1<\/strong> - Univerzita BOKU (Rak\u00fasko)<\/li>\n\n\n\n<li><strong>Daniel M\u00fcller<\/strong> - Leibnizov in\u0161tit\u00fat pre rozvoj po\u013enohospod\u00e1rstva v transformuj\u00facich sa ekonomik\u00e1ch (IAMO) (Nemecko)<\/li>\n\n\n\n<li><strong>Martin Rudbeck Jepsen<\/strong> - Koda\u0148sk\u00e1 univerzita (D\u00e1nsko)<\/li>\n\n\n\n<li><strong>Martin Claverie<\/strong> - Spolo\u010dn\u00e9 v\u00fdskumn\u00e9 centrum, Eur\u00f3pska komisia<\/li>\n\n\n\n<li><strong>Sebastian Klimek<\/strong> - In\u0161tit\u00fat pre biodiverzitu Th\u00fcnen (Nemecko)<\/li>\n\n\n\n<li><strong>Silke H\u00fcttel<\/strong> - Univerzita v G\u00f6ttingene (Nemecko)<\/li>\n<\/ul>\n\n\n\n<p><em>Hos\u0165uj\u00faci editori tohto tematick\u00e9ho \u010d\u00edsla sa zi\u0161li v r\u00e1mci spolo\u010denstva IACS Data Community of Practice, ktor\u00e9 bolo ned\u00e1vno vytvoren\u00e9 v r\u00e1mci projektu Europe-LAND programu Horizont Eur\u00f3pa (<\/em><a href=\"https:\/\/europe-land.eu\/sk\/\"><em>www.europe-land.eu<\/em><\/a><em>). Cie\u013eom komunity je spoji\u0165 v\u00fdskumn\u00fdch pracovn\u00edkov, tvorcov polit\u00edk a odborn\u00edkov z praxe s cie\u013eom podpori\u0165 v\u00fdmenu, zdie\u013ea\u0165 poznatky a spolupracova\u0165 na inova\u010dnom v\u00fdskume t\u00fdkaj\u00facom sa IACS a in\u00fdch \u00fadajov o vyu\u017e\u00edvan\u00ed po\u013enohospod\u00e1rskej p\u00f4dy. Zainteresovan\u00ed odborn\u00edci sa m\u00f4\u017eu kedyko\u013evek pripoji\u0165 ku komunite:&nbsp;<\/em><a href=\"https:\/\/europe-land.eu\/sk\/iacs-data-community-of-practice\/\"><em>https:\/\/europe-land.eu\/iacs-data-community-of-practice\/<\/em><\/a><em>.<\/em><\/p>\n\n\n\n<p><strong>Term\u00edn na predkladanie n\u00e1vrhov: 31. marca 2026<\/strong>,<a class=\"\" href=\"https:\/\/think.taylorandfrancis.com\/special_issues\/leveraging-iacs-data\/\"> pre\u010d\u00edtajte si cel\u00fa v\u00fdzvu na predkladanie pr\u00edspevkov<\/a>.<\/p>","protected":false},"excerpt":{"rendered":"<p>Projekt Europe-LAND s hrdos\u0165ou upozor\u0148uje na zauj\u00edmav\u00fa pr\u00edle\u017eitos\u0165 pre v\u00fdskumn\u00fdch pracovn\u00edkov, ktor\u00ed pracuj\u00fa na pomedz\u00ed po\u013enohospod\u00e1rstva, vyu\u017e\u00edvania p\u00f4dy, biodiverzity a klimatickej politiky:...<\/p>","protected":false},"author":6,"featured_media":1536,"comment_status":"closed","ping_status":"closed","sticky":false,"template":"","format":"standard","meta":{"footnotes":""},"categories":[1],"tags":[],"class_list":["post-1535","post","type-post","status-publish","format-standard","has-post-thumbnail","hentry","category-news"],"featured_image_url":{"thumbnail":"https:\/\/europe-land.eu\/wp-content\/uploads\/TLUS_MR-e1753378108817-150x150.jpg","medium":"https:\/\/europe-land.eu\/wp-content\/uploads\/TLUS_MR-e1753378108817-300x186.jpg","medium_large":"https:\/\/europe-land.eu\/wp-content\/uploads\/TLUS_MR-e1753378108817.jpg","large":"https:\/\/europe-land.eu\/wp-content\/uploads\/TLUS_MR-e1753378108817.jpg","1536x1536":"https:\/\/europe-land.eu\/wp-content\/uploads\/TLUS_MR-e1753378108817.jpg","2048x2048":"https:\/\/europe-land.eu\/wp-content\/uploads\/TLUS_MR-e1753378108817.jpg","trp-custom-language-flag":"https:\/\/europe-land.eu\/wp-content\/uploads\/TLUS_MR-e1753378108817-18x12.jpg"},"post_author":"Megan Curling","assigned_categories":"News","featured_image_src":"https:\/\/europe-land.eu\/wp-content\/uploads\/TLUS_MR-e1753378108817.jpg","author_info":{"display_name":"Megan Curling","author_link":"https:\/\/europe-land.eu\/sk\/participant\/mcurling\/"},"_links":{"self":[{"href":"https:\/\/europe-land.eu\/sk\/wp-json\/wp\/v2\/posts\/1535","targetHints":{"allow":["GET"]}}],"collection":[{"href":"https:\/\/europe-land.eu\/sk\/wp-json\/wp\/v2\/posts"}],"about":[{"href":"https:\/\/europe-land.eu\/sk\/wp-json\/wp\/v2\/types\/post"}],"author":[{"embeddable":true,"href":"https:\/\/europe-land.eu\/sk\/wp-json\/wp\/v2\/users\/6"}],"replies":[{"embeddable":true,"href":"https:\/\/europe-land.eu\/sk\/wp-json\/wp\/v2\/comments?post=1535"}],"version-history":[{"count":3,"href":"https:\/\/europe-land.eu\/sk\/wp-json\/wp\/v2\/posts\/1535\/revisions"}],"predecessor-version":[{"id":1933,"href":"https:\/\/europe-land.eu\/sk\/wp-json\/wp\/v2\/posts\/1535\/revisions\/1933"}],"wp:featuredmedia":[{"embeddable":true,"href":"https:\/\/europe-land.eu\/sk\/wp-json\/wp\/v2\/media\/1536"}],"wp:attachment":[{"href":"https:\/\/europe-land.eu\/sk\/wp-json\/wp\/v2\/media?parent=1535"}],"wp:term":[{"taxonomy":"category","embeddable":true,"href":"https:\/\/europe-land.eu\/sk\/wp-json\/wp\/v2\/categories?post=1535"},{"taxonomy":"post_tag","embeddable":true,"href":"https:\/\/europe-land.eu\/sk\/wp-json\/wp\/v2\/tags?post=1535"}],"curies":[{"name":"wp","href":"https:\/\/api.w.org\/{rel}","templated":true}]}}