{"id":1353,"date":"2025-03-12T09:56:22","date_gmt":"2025-03-12T08:56:22","guid":{"rendered":"https:\/\/europe-land.eu\/?p=1353"},"modified":"2025-03-12T09:56:23","modified_gmt":"2025-03-12T08:56:23","slug":"podcast-european-land-use-talks-launched","status":"publish","type":"post","link":"https:\/\/europe-land.eu\/ro\/news\/podcast-european-land-use-talks-launched\/","title":{"rendered":"Podcastul \"European Land Use Talks\" a fost lansat"},"content":{"rendered":"<p>Proiectul Europe-LAND tocmai a lansat s\u0103pt\u0103m\u00e2na aceasta seria de podcasturi dedicate \"European Land Use Talks\".<\/p>\n\n\n\n<p>\u00cen episoade periodice, seria va aborda diverse subiecte legate de utilizarea terenurilor, schimb\u0103rile climatice \u0219i conservarea biodiversit\u0103\u021bii \u00een Europa.<br>G\u0103zduit de biroul de coordonare a proiectului, HAW Hamburg, podcastul invit\u0103 invita\u021bi din consor\u021biul proiectului \u0219i nu numai, pentru a extinde discu\u021bia privind practicile durabile de utilizare a terenurilor.<\/p>\n\n\n\n<p>Primul episod a fost lansat s\u0103pt\u0103m\u00e2na aceasta. \u00cen acest prim episod, st\u0103m de vorb\u0103 cu coordonatorul \u0219i directorul proiectului Europe-LAND, Prof. Dr. Walter Leal. \u00cempreun\u0103, explor\u0103m contextul \u0219i inspira\u021bia din spatele proiectului finan\u021bat de UE Europe-LAND. Ce a motivat ideea proiectului? Ce rol joac\u0103 astfel de proiecte \u00een modelarea deciziilor politice \u00een Europa? \u0218i ce fel de impact pot avea acestea asupra politicii \u0219i asupra altor domenii?<\/p>\n\n\n\n<p>Asculta\u021bi acum pe <a href=\"https:\/\/european-land-use.podigee.io\">podigee<\/a> sau g\u0103si\u021bi-ne pe <a href=\"https:\/\/open.spotify.com\/show\/1FFlnxCNzJuxwZbyVbBuHk?si=80ad3cfdd82f4227\">Spotify<\/a>!<\/p>","protected":false},"excerpt":{"rendered":"<p>Proiectul Europe-LAND a lansat s\u0103pt\u0103m\u00e2na aceasta seria de podcasturi dedicate \"European Land Use Talks\". \u00cen episoade periodice, seria va aborda diverse subiecte...<\/p>","protected":false},"author":6,"featured_media":1354,"comment_status":"closed","ping_status":"closed","sticky":false,"template":"","format":"standard","meta":{"footnotes":""},"categories":[1],"tags":[],"class_list":["post-1353","post","type-post","status-publish","format-standard","has-post-thumbnail","hentry","category-news"],"featured_image_url":{"thumbnail":"https:\/\/europe-land.eu\/wp-content\/uploads\/Podcast_Website-150x150.png","medium":"https:\/\/europe-land.eu\/wp-content\/uploads\/Podcast_Website-300x225.png","medium_large":"https:\/\/europe-land.eu\/wp-content\/uploads\/Podcast_Website-768x576.png","large":"https:\/\/europe-land.eu\/wp-content\/uploads\/Podcast_Website.png","1536x1536":"https:\/\/europe-land.eu\/wp-content\/uploads\/Podcast_Website.png","2048x2048":"https:\/\/europe-land.eu\/wp-content\/uploads\/Podcast_Website.png","trp-custom-language-flag":"https:\/\/europe-land.eu\/wp-content\/uploads\/Podcast_Website-16x12.png"},"post_author":"Megan Curling","assigned_categories":"News","featured_image_src":"https:\/\/europe-land.eu\/wp-content\/uploads\/Podcast_Website.png","author_info":{"display_name":"Megan Curling","author_link":"https:\/\/europe-land.eu\/ro\/participant\/mcurling\/"},"_links":{"self":[{"href":"https:\/\/europe-land.eu\/ro\/wp-json\/wp\/v2\/posts\/1353","targetHints":{"allow":["GET"]}}],"collection":[{"href":"https:\/\/europe-land.eu\/ro\/wp-json\/wp\/v2\/posts"}],"about":[{"href":"https:\/\/europe-land.eu\/ro\/wp-json\/wp\/v2\/types\/post"}],"author":[{"embeddable":true,"href":"https:\/\/europe-land.eu\/ro\/wp-json\/wp\/v2\/users\/6"}],"replies":[{"embeddable":true,"href":"https:\/\/europe-land.eu\/ro\/wp-json\/wp\/v2\/comments?post=1353"}],"version-history":[{"count":2,"href":"https:\/\/europe-land.eu\/ro\/wp-json\/wp\/v2\/posts\/1353\/revisions"}],"predecessor-version":[{"id":1356,"href":"https:\/\/europe-land.eu\/ro\/wp-json\/wp\/v2\/posts\/1353\/revisions\/1356"}],"wp:featuredmedia":[{"embeddable":true,"href":"https:\/\/europe-land.eu\/ro\/wp-json\/wp\/v2\/media\/1354"}],"wp:attachment":[{"href":"https:\/\/europe-land.eu\/ro\/wp-json\/wp\/v2\/media?parent=1353"}],"wp:term":[{"taxonomy":"category","embeddable":true,"href":"https:\/\/europe-land.eu\/ro\/wp-json\/wp\/v2\/categories?post=1353"},{"taxonomy":"post_tag","embeddable":true,"href":"https:\/\/europe-land.eu\/ro\/wp-json\/wp\/v2\/tags?post=1353"}],"curies":[{"name":"wp","href":"https:\/\/api.w.org\/{rel}","templated":true}]}}