{"id":965,"date":"2024-03-01T14:51:17","date_gmt":"2024-03-01T13:51:17","guid":{"rendered":"https:\/\/europe-land.eu\/?p=965"},"modified":"2024-03-01T14:53:43","modified_gmt":"2024-03-01T13:53:43","slug":"land-use-land-cover-forecast-model","status":"publish","type":"post","link":"https:\/\/europe-land.eu\/pl\/news\/land-use-land-cover-forecast-model\/","title":{"rendered":"Model prognozy u\u017cytkowania grunt\u00f3w \/ pokrycia terenu"},"content":{"rendered":"<p>15 lutego odby\u0142o si\u0119 nasze bezp\u0142atne webinarium online #4 na temat \"Mapowania przysz\u0142ych wzorc\u00f3w u\u017cytkowania grunt\u00f3w i pokrycia terenu\".<br><br>Nasi fantastyczni prelegenci, Maris Klavins (Uniwersytet \u0141otewski, \u0141otwa), Mihaela Sima (Instytut Geografii, Rumunia), Lucie Kupkova (Uniwersytet Karola, Czechy) i Dace Ozola (\u0141otewskie Stowarzyszenie Torfowe, \u0141otwa) dostarczyli nam cennych informacji. Dodatkowo stworzyli oni wizualizacj\u0119 przedstawiaj\u0105c\u0105 etapy rozwoju modelu prognozy LU\/LC.<\/p>\n\n\n\n<figure class=\"wp-block-image size-large is-resized\"><img loading=\"lazy\" decoding=\"async\" width=\"1024\" height=\"569\" src=\"https:\/\/europe-land.eu\/wp-content\/uploads\/1708522894740-1-1024x569.jpeg\" alt=\"\" class=\"wp-image-967\" style=\"width:815px;height:auto\" srcset=\"https:\/\/europe-land.eu\/wp-content\/uploads\/1708522894740-1-1024x569.jpeg 1024w, https:\/\/europe-land.eu\/wp-content\/uploads\/1708522894740-1-300x167.jpeg 300w, https:\/\/europe-land.eu\/wp-content\/uploads\/1708522894740-1-768x427.jpeg 768w, https:\/\/europe-land.eu\/wp-content\/uploads\/1708522894740-1.jpeg 1439w\" sizes=\"auto, (max-width: 1024px) 100vw, 1024px\" \/><figcaption class=\"wp-element-caption\">\u0179r\u00f3d\u0142o: Maris Klavins, Uniwersytet \u0141otewski, \u0141otwa<\/figcaption><\/figure>\n\n\n\n<p>Aby uzyska\u0107 wi\u0119cej informacji, kliknij tutaj: <a href=\"https:\/\/www.linkedin.com\/feed\/update\/urn:li:activity:7166064420169674753\" target=\"_blank\" rel=\"noreferrer noopener\">https:\/\/www.linkedin.com\/feed\/update\/urn:li:activity:7166064420169674753 <\/a><br>Dla tych, kt\u00f3rzy chcieliby zag\u0142\u0119bi\u0107 si\u0119 w webinarium, slajdy mo\u017cna znale\u017a\u0107 tutaj: <a href=\"https:\/\/lnkd.in\/dh7iTviJ\" target=\"_blank\" rel=\"noreferrer noopener\">https:\/\/lnkd.in\/dh7iTvi<\/a><\/p>","protected":false},"excerpt":{"rendered":"<p>15 lutego odby\u0142o si\u0119 nasze bezp\u0142atne webinarium online #4 na temat \"Mapowania przysz\u0142ych wzorc\u00f3w u\u017cytkowania grunt\u00f3w i pokrycia terenu\". Nasi fantastyczni prelegenci, Maris Klavins,...<\/p>","protected":false},"author":2,"featured_media":0,"comment_status":"closed","ping_status":"closed","sticky":false,"template":"","format":"standard","meta":{"footnotes":""},"categories":[1],"tags":[],"class_list":["post-965","post","type-post","status-publish","format-standard","hentry","category-news"],"featured_image_url":[],"post_author":"Franziska Wolf","assigned_categories":"News","featured_image_src":null,"author_info":{"display_name":"Franziska Wolf","author_link":"https:\/\/europe-land.eu\/pl\/participant\/fwolf\/"},"_links":{"self":[{"href":"https:\/\/europe-land.eu\/pl\/wp-json\/wp\/v2\/posts\/965","targetHints":{"allow":["GET"]}}],"collection":[{"href":"https:\/\/europe-land.eu\/pl\/wp-json\/wp\/v2\/posts"}],"about":[{"href":"https:\/\/europe-land.eu\/pl\/wp-json\/wp\/v2\/types\/post"}],"author":[{"embeddable":true,"href":"https:\/\/europe-land.eu\/pl\/wp-json\/wp\/v2\/users\/2"}],"replies":[{"embeddable":true,"href":"https:\/\/europe-land.eu\/pl\/wp-json\/wp\/v2\/comments?post=965"}],"version-history":[{"count":3,"href":"https:\/\/europe-land.eu\/pl\/wp-json\/wp\/v2\/posts\/965\/revisions"}],"predecessor-version":[{"id":971,"href":"https:\/\/europe-land.eu\/pl\/wp-json\/wp\/v2\/posts\/965\/revisions\/971"}],"wp:attachment":[{"href":"https:\/\/europe-land.eu\/pl\/wp-json\/wp\/v2\/media?parent=965"}],"wp:term":[{"taxonomy":"category","embeddable":true,"href":"https:\/\/europe-land.eu\/pl\/wp-json\/wp\/v2\/categories?post=965"},{"taxonomy":"post_tag","embeddable":true,"href":"https:\/\/europe-land.eu\/pl\/wp-json\/wp\/v2\/tags?post=965"}],"curies":[{"name":"wp","href":"https:\/\/api.w.org\/{rel}","templated":true}]}}