{"id":1346,"date":"2025-03-07T09:01:09","date_gmt":"2025-03-07T08:01:09","guid":{"rendered":"https:\/\/europe-land.eu\/?p=1346"},"modified":"2025-03-07T09:01:10","modified_gmt":"2025-03-07T08:01:10","slug":"european-agricultural-data-in-focus-capacity-building-workshop-on-iacs-and-land-use","status":"publish","type":"post","link":"https:\/\/europe-land.eu\/pl\/news\/european-agricultural-data-in-focus-capacity-building-workshop-on-iacs-and-land-use\/","title":{"rendered":"Europejskie dane rolnicze w centrum uwagi: Warsztaty budowania potencja\u0142u w zakresie IACS i u\u017cytkowania grunt\u00f3w"},"content":{"rendered":"<p>W Szwecji choinka jest klasyfikowana jako las, podczas gdy w Danii jest uwa\u017cana za upraw\u0119 - przyk\u0142ad, kt\u00f3ry podkre\u015bla z\u0142o\u017cono\u015b\u0107 klasyfikacji u\u017cytkowania grunt\u00f3w rolnych w ca\u0142ej Europie. Aby odkry\u0107 ukryte spostrze\u017cenia podczas analizy u\u017cytkowania grunt\u00f3w rolnych przy u\u017cyciu zbior\u00f3w danych rolniczych, podzieli\u0107 si\u0119 najnowszymi badaniami, praktycznymi do\u015bwiadczeniami i przyk\u0142adowymi wnioskami wyci\u0105gni\u0119tymi podczas pracy z danymi IACS, zesp\u00f3\u0142 Europe-LAND Work Package 2 - prof. Martin Rudbeck Jepsen (University of Copenhagen, DK), prof. Daniel M\u00fcller i Clemens J\u00e4nicke (IAMO, DE), w \u015bcis\u0142ej wsp\u00f3\u0142pracy z zespo\u0142em Biura Koordynacji Projektu z Hamburg University of Applied Sciences - zorganizowa\u0142 warsztaty eksperckie w dniach 19-21 lutego 2025 r. w Hamburgu w Niemczech.<\/p>\n\n\n\n<p>Z rado\u015bci\u0105 powitali\u015bmy wielu ekspert\u00f3w IACS z dziedziny nauki, ale tak\u017ce przedstawicieli DG AGRI i JRC, kt\u00f3rzy wzi\u0119li udzia\u0142 w tych dniach, aby podzieli\u0107 si\u0119 najnowszymi badaniami, praktycznymi do\u015bwiadczeniami i przyk\u0142adowymi wnioskami wyci\u0105gni\u0119tymi podczas pracy ze zbiorami danych rolniczych. Wydarzenie to by\u0142o fantastycznym przyk\u0142adem wsp\u00f3lnych dzia\u0142a\u0144, a tak\u017ce sprzyja\u0142o nawi\u0105zywaniu kontakt\u00f3w mi\u0119dzy europejskimi ekspertami pracuj\u0105cymi z danymi IACS.<\/p>\n\n\n\n<p><strong>Nowa spo\u0142eczno\u015b\u0107 dla ci\u0105g\u0142ej wymiany<\/strong><\/p>\n\n\n\n<p>Opieraj\u0105c si\u0119 na spostrze\u017ceniach i dyskusjach z tych warsztat\u00f3w, z rado\u015bci\u0105 og\u0142aszamy utworzenie spo\u0142eczno\u015bci maj\u0105cej na celu wspieranie regularnej wymiany mi\u0119dzy naukowcami, decydentami i praktykami pracuj\u0105cymi z danymi IACS. Sie\u0107 ta b\u0119dzie s\u0142u\u017cy\u0107 jako platforma u\u0142atwiaj\u0105ca dyskusje, dzielenie si\u0119 aktualno\u015bciami na temat trwaj\u0105cych bada\u0144 i zacie\u015bnianie wsp\u00f3\u0142pracy mi\u0119dzy r\u00f3\u017cnymi sektorami.<\/p>\n\n\n\n<p>Dzi\u0119ki tej inicjatywie Europe-LAND b\u0119dzie nadal wspiera\u0107 interakcje naukowe, stymulowa\u0107 innowacyjne badania i wzmacnia\u0107 zrozumienie zachowa\u0144 zwi\u0105zanych z u\u017cytkowaniem grunt\u00f3w rolnych i ich czynnik\u00f3w na poziomie UE.&nbsp;<\/p>\n\n\n\n<p>B\u0105d\u017a na bie\u017c\u0105co z kolejnymi aktualizacjami i wsp\u00f3lnie kszta\u0142tujmy przysz\u0142o\u015b\u0107 europejskich danych rolniczych.<\/p>","protected":false},"excerpt":{"rendered":"<p>W Szwecji choinka jest klasyfikowana jako las, podczas gdy w Danii jest uwa\u017cana za upraw\u0119 - przyk\u0142ad, kt\u00f3ry podkre\u015bla z\u0142o\u017cono\u015b\u0107 rolniczego u\u017cytkowania grunt\u00f3w....<\/p>","protected":false},"author":5,"featured_media":1347,"comment_status":"closed","ping_status":"closed","sticky":false,"template":"","format":"standard","meta":{"footnotes":""},"categories":[1],"tags":[],"class_list":["post-1346","post","type-post","status-publish","format-standard","has-post-thumbnail","hentry","category-news"],"featured_image_url":{"thumbnail":"https:\/\/europe-land.eu\/wp-content\/uploads\/IACS-Workshop-Post-150x150.png","medium":"https:\/\/europe-land.eu\/wp-content\/uploads\/IACS-Workshop-Post-300x300.png","medium_large":"https:\/\/europe-land.eu\/wp-content\/uploads\/IACS-Workshop-Post.png","large":"https:\/\/europe-land.eu\/wp-content\/uploads\/IACS-Workshop-Post.png","1536x1536":"https:\/\/europe-land.eu\/wp-content\/uploads\/IACS-Workshop-Post.png","2048x2048":"https:\/\/europe-land.eu\/wp-content\/uploads\/IACS-Workshop-Post.png","trp-custom-language-flag":"https:\/\/europe-land.eu\/wp-content\/uploads\/IACS-Workshop-Post-12x12.png"},"post_author":"Paula. Christiansen","assigned_categories":"News","featured_image_src":"https:\/\/europe-land.eu\/wp-content\/uploads\/IACS-Workshop-Post.png","author_info":{"display_name":"Paula. Christiansen","author_link":"https:\/\/europe-land.eu\/pl\/participant\/pchristiansen\/"},"_links":{"self":[{"href":"https:\/\/europe-land.eu\/pl\/wp-json\/wp\/v2\/posts\/1346","targetHints":{"allow":["GET"]}}],"collection":[{"href":"https:\/\/europe-land.eu\/pl\/wp-json\/wp\/v2\/posts"}],"about":[{"href":"https:\/\/europe-land.eu\/pl\/wp-json\/wp\/v2\/types\/post"}],"author":[{"embeddable":true,"href":"https:\/\/europe-land.eu\/pl\/wp-json\/wp\/v2\/users\/5"}],"replies":[{"embeddable":true,"href":"https:\/\/europe-land.eu\/pl\/wp-json\/wp\/v2\/comments?post=1346"}],"version-history":[{"count":1,"href":"https:\/\/europe-land.eu\/pl\/wp-json\/wp\/v2\/posts\/1346\/revisions"}],"predecessor-version":[{"id":1348,"href":"https:\/\/europe-land.eu\/pl\/wp-json\/wp\/v2\/posts\/1346\/revisions\/1348"}],"wp:featuredmedia":[{"embeddable":true,"href":"https:\/\/europe-land.eu\/pl\/wp-json\/wp\/v2\/media\/1347"}],"wp:attachment":[{"href":"https:\/\/europe-land.eu\/pl\/wp-json\/wp\/v2\/media?parent=1346"}],"wp:term":[{"taxonomy":"category","embeddable":true,"href":"https:\/\/europe-land.eu\/pl\/wp-json\/wp\/v2\/categories?post=1346"},{"taxonomy":"post_tag","embeddable":true,"href":"https:\/\/europe-land.eu\/pl\/wp-json\/wp\/v2\/tags?post=1346"}],"curies":[{"name":"wp","href":"https:\/\/api.w.org\/{rel}","templated":true}]}}