{"id":1150,"date":"2024-12-06T13:04:56","date_gmt":"2024-12-06T12:04:56","guid":{"rendered":"https:\/\/europe-land.eu\/?p=1150"},"modified":"2025-02-20T13:40:12","modified_gmt":"2025-02-20T12:40:12","slug":"living-lab-framework-established","status":"publish","type":"post","link":"https:\/\/europe-land.eu\/lv\/news\/living-lab-framework-established\/","title":{"rendered":"Izveidota \"dz\u012bv\u0101s laboratorijas\" sist\u0113ma"},"content":{"rendered":"<p>Europe-LAND m\u0113r\u0137is ir ietekm\u0113t turpm\u0101kos zemes izmanto\u0161anas l\u0113mumus un atbalst\u012bt klimata p\u0101rmai\u0146u mazin\u0101\u0161anas un biolo\u0123isk\u0101s daudzveid\u012bbas saglab\u0101\u0161anas centienus. T\u0101p\u0113c ir \u013coti svar\u012bgi izprast da\u017e\u0101du viet\u0113jo un valsts ieinteres\u0113to personu, kas pie\u0146em attiec\u012bgus l\u0113mumus par zemes izmanto\u0161anu, viedok\u013cus. Europe-LAND komanda izstr\u0101d\u0101ja \"Dz\u012bv\u0101s laboratorijas\" sist\u0113mu, kur\u0101 izkl\u0101st\u012btas ierosin\u0101t\u0101s darb\u012bbas, lai akt\u012bvi iesaist\u012btu ieinteres\u0113t\u0101s personas katr\u0101 partnervalst\u012b, lai izp\u0113t\u012btu to inform\u0113t\u012bbu par klimata p\u0101rmai\u0146u un biolo\u0123isk\u0101s daudzveid\u012bbas probl\u0113m\u0101m un apzin\u0101tu probl\u0113mas, gaidas un viet\u0113j\u0101s \u012bpatn\u012bbas, ar kur\u0101m t\u0101s saskaras sav\u0101 viet\u0113j\u0101 kontekst\u0101, pie\u0146emot l\u0113mumus par zemes izmanto\u0161anu. Rezult\u0101tus ir paredz\u0113ts izmantot visiem projekta partneriem, lai piel\u0101gotu savas p\u0113tniec\u012bbas metodes un simul\u0101cijas r\u012bkus, lai pien\u0101c\u012bgi risin\u0101tu re\u0101l\u0101s probl\u0113mas, ar kur\u0101m saskaras iesaist\u012bt\u0101s puses, pie\u0146emot ilgtsp\u0113j\u012bgu zemes izmanto\u0161anas p\u0101rvald\u012bbu klimata p\u0101rmai\u0146u kontekst\u0101.<\/p>\n\n\n\n<p>Metodolo\u0123isk\u0101 \"dz\u012bv\u0101s laboratorijas\" sist\u0113ma ir pieejama m\u016bsu Zenodo kopien\u0101: <a href=\"https:\/\/zenodo.org\/communities\/europeland\/\">https:\/\/zenodo.org\/communities\/europeland\/<\/a><\/p>","protected":false},"excerpt":{"rendered":"<p>Europe-LAND m\u0113r\u0137is ir ietekm\u0113t turpm\u0101kos zemes izmanto\u0161anas l\u0113mumus un atbalst\u012bt klimata p\u0101rmai\u0146u mazin\u0101\u0161anas un biolo\u0123isk\u0101s daudzveid\u012bbas saglab\u0101\u0161anas centienus. T\u0101p\u0113c ir \u013coti svar\u012bgi izprast perspekt\u012bvas...<\/p>","protected":false},"author":6,"featured_media":1151,"comment_status":"closed","ping_status":"closed","sticky":false,"template":"","format":"standard","meta":{"footnotes":""},"categories":[1],"tags":[],"class_list":["post-1150","post","type-post","status-publish","format-standard","has-post-thumbnail","hentry","category-news"],"featured_image_url":{"thumbnail":"https:\/\/europe-land.eu\/wp-content\/uploads\/pexels-fauxels-3183197-150x150.jpg","medium":"https:\/\/europe-land.eu\/wp-content\/uploads\/pexels-fauxels-3183197-300x200.jpg","medium_large":"https:\/\/europe-land.eu\/wp-content\/uploads\/pexels-fauxels-3183197-768x513.jpg","large":"https:\/\/europe-land.eu\/wp-content\/uploads\/pexels-fauxels-3183197-1024x683.jpg","1536x1536":"https:\/\/europe-land.eu\/wp-content\/uploads\/pexels-fauxels-3183197-1536x1025.jpg","2048x2048":"https:\/\/europe-land.eu\/wp-content\/uploads\/pexels-fauxels-3183197-2048x1367.jpg","trp-custom-language-flag":"https:\/\/europe-land.eu\/wp-content\/uploads\/pexels-fauxels-3183197-scaled.jpg"},"post_author":"Megan Curling","assigned_categories":"News","featured_image_src":"https:\/\/europe-land.eu\/wp-content\/uploads\/pexels-fauxels-3183197-scaled.jpg","author_info":{"display_name":"Megan Curling","author_link":"https:\/\/europe-land.eu\/lv\/participant\/mcurling\/"},"_links":{"self":[{"href":"https:\/\/europe-land.eu\/lv\/wp-json\/wp\/v2\/posts\/1150","targetHints":{"allow":["GET"]}}],"collection":[{"href":"https:\/\/europe-land.eu\/lv\/wp-json\/wp\/v2\/posts"}],"about":[{"href":"https:\/\/europe-land.eu\/lv\/wp-json\/wp\/v2\/types\/post"}],"author":[{"embeddable":true,"href":"https:\/\/europe-land.eu\/lv\/wp-json\/wp\/v2\/users\/6"}],"replies":[{"embeddable":true,"href":"https:\/\/europe-land.eu\/lv\/wp-json\/wp\/v2\/comments?post=1150"}],"version-history":[{"count":2,"href":"https:\/\/europe-land.eu\/lv\/wp-json\/wp\/v2\/posts\/1150\/revisions"}],"predecessor-version":[{"id":1245,"href":"https:\/\/europe-land.eu\/lv\/wp-json\/wp\/v2\/posts\/1150\/revisions\/1245"}],"wp:featuredmedia":[{"embeddable":true,"href":"https:\/\/europe-land.eu\/lv\/wp-json\/wp\/v2\/media\/1151"}],"wp:attachment":[{"href":"https:\/\/europe-land.eu\/lv\/wp-json\/wp\/v2\/media?parent=1150"}],"wp:term":[{"taxonomy":"category","embeddable":true,"href":"https:\/\/europe-land.eu\/lv\/wp-json\/wp\/v2\/categories?post=1150"},{"taxonomy":"post_tag","embeddable":true,"href":"https:\/\/europe-land.eu\/lv\/wp-json\/wp\/v2\/tags?post=1150"}],"curies":[{"name":"wp","href":"https:\/\/api.w.org\/{rel}","templated":true}]}}