{"id":1353,"date":"2025-03-12T09:56:22","date_gmt":"2025-03-12T08:56:22","guid":{"rendered":"https:\/\/europe-land.eu\/?p=1353"},"modified":"2025-03-12T09:56:23","modified_gmt":"2025-03-12T08:56:23","slug":"podcast-european-land-use-talks-launched","status":"publish","type":"post","link":"https:\/\/europe-land.eu\/et\/news\/podcast-european-land-use-talks-launched\/","title":{"rendered":"Podcast \"Euroopa maakasutusvestlused\" k\u00e4ivitati"},"content":{"rendered":"<p>Projekt Europe-LAND k\u00e4ivitas sel n\u00e4dalal spetsiaalse podcast-sarja \"European Land Use Talks\".<\/p>\n\n\n\n<p>Perioodilistes episoodides k\u00e4sitletakse sarjas erinevaid teemasid, mis on seotud maakasutuse, kliimamuutuste ja bioloogilise mitmekesisuse s\u00e4ilitamisega Euroopas.<br>Projekti koordinatsioonib\u00fcroo HAW Hamburgi korraldatud podcast kutsub k\u00fclalisi projektikonsortsiumist ja mujalt, et laiendada arutelu s\u00e4\u00e4stva maakasutuse tavade \u00fcle.<\/p>\n\n\n\n<p>Esimene episood ilmus just sel n\u00e4dalal. Selles esimeses episoodis istume maha Euroopa-LANDi koordinaatori ja juhi prof. dr Walter Lealiga. Koos uurime ELi rahastatud projekti Europe-LAND tausta ja inspiratsiooni. Mis ajendas projekti ideed? Millist rolli m\u00e4ngivad sellised projektid Euroopa poliitiliste otsuste kujundamisel? Ja millist m\u00f5ju v\u00f5ivad need avaldada poliitikale ja teistele valdkondadele?<\/p>\n\n\n\n<p>Kuula n\u00fc\u00fcd <a href=\"https:\/\/european-land-use.podigee.io\">podigee<\/a> v\u00f5i leiate meid aadressil <a href=\"https:\/\/open.spotify.com\/show\/1FFlnxCNzJuxwZbyVbBuHk?si=80ad3cfdd82f4227\">Spotify<\/a>!<\/p>","protected":false},"excerpt":{"rendered":"<p>Projekt Europe-LAND k\u00e4ivitas sel n\u00e4dalal spetsiaalse podcast-sarja \"European Land Use Talks\". Perioodilistes episoodides s\u00fcveneb sari erinevatesse teemadesse...<\/p>","protected":false},"author":6,"featured_media":1354,"comment_status":"closed","ping_status":"closed","sticky":false,"template":"","format":"standard","meta":{"footnotes":""},"categories":[1],"tags":[],"class_list":["post-1353","post","type-post","status-publish","format-standard","has-post-thumbnail","hentry","category-news"],"featured_image_url":{"thumbnail":"https:\/\/europe-land.eu\/wp-content\/uploads\/Podcast_Website-150x150.png","medium":"https:\/\/europe-land.eu\/wp-content\/uploads\/Podcast_Website-300x225.png","medium_large":"https:\/\/europe-land.eu\/wp-content\/uploads\/Podcast_Website-768x576.png","large":"https:\/\/europe-land.eu\/wp-content\/uploads\/Podcast_Website.png","1536x1536":"https:\/\/europe-land.eu\/wp-content\/uploads\/Podcast_Website.png","2048x2048":"https:\/\/europe-land.eu\/wp-content\/uploads\/Podcast_Website.png","trp-custom-language-flag":"https:\/\/europe-land.eu\/wp-content\/uploads\/Podcast_Website-16x12.png"},"post_author":"Megan Curling","assigned_categories":"News","featured_image_src":"https:\/\/europe-land.eu\/wp-content\/uploads\/Podcast_Website.png","author_info":{"display_name":"Megan Curling","author_link":"https:\/\/europe-land.eu\/et\/participant\/mcurling\/"},"_links":{"self":[{"href":"https:\/\/europe-land.eu\/et\/wp-json\/wp\/v2\/posts\/1353","targetHints":{"allow":["GET"]}}],"collection":[{"href":"https:\/\/europe-land.eu\/et\/wp-json\/wp\/v2\/posts"}],"about":[{"href":"https:\/\/europe-land.eu\/et\/wp-json\/wp\/v2\/types\/post"}],"author":[{"embeddable":true,"href":"https:\/\/europe-land.eu\/et\/wp-json\/wp\/v2\/users\/6"}],"replies":[{"embeddable":true,"href":"https:\/\/europe-land.eu\/et\/wp-json\/wp\/v2\/comments?post=1353"}],"version-history":[{"count":2,"href":"https:\/\/europe-land.eu\/et\/wp-json\/wp\/v2\/posts\/1353\/revisions"}],"predecessor-version":[{"id":1356,"href":"https:\/\/europe-land.eu\/et\/wp-json\/wp\/v2\/posts\/1353\/revisions\/1356"}],"wp:featuredmedia":[{"embeddable":true,"href":"https:\/\/europe-land.eu\/et\/wp-json\/wp\/v2\/media\/1354"}],"wp:attachment":[{"href":"https:\/\/europe-land.eu\/et\/wp-json\/wp\/v2\/media?parent=1353"}],"wp:term":[{"taxonomy":"category","embeddable":true,"href":"https:\/\/europe-land.eu\/et\/wp-json\/wp\/v2\/categories?post=1353"},{"taxonomy":"post_tag","embeddable":true,"href":"https:\/\/europe-land.eu\/et\/wp-json\/wp\/v2\/tags?post=1353"}],"curies":[{"name":"wp","href":"https:\/\/api.w.org\/{rel}","templated":true}]}}