{"id":1568,"date":"2025-09-19T09:15:36","date_gmt":"2025-09-19T07:15:36","guid":{"rendered":"https:\/\/europe-land.eu\/?p=1568"},"modified":"2025-09-23T10:24:26","modified_gmt":"2025-09-23T08:24:26","slug":"new-europe-land-study-shows-drones-can-detect-bark-beetle-outbreaks-weeks-before-visible-damage","status":"publish","type":"post","link":"https:\/\/europe-land.eu\/de\/news\/new-europe-land-study-shows-drones-can-detect-bark-beetle-outbreaks-weeks-before-visible-damage\/","title":{"rendered":"Neue Studie von Europe-LAND-Forschern zeigt, dass Drohnen Borkenk\u00e4ferausbr\u00fcche schon Wochen vor dem sichtbaren Schaden erkennen k\u00f6nnen"},"content":{"rendered":"<p>Borkenk\u00e4ferausbr\u00fcche haben in den letzten Jahren in ganz Mitteleuropa Fichtenw\u00e4lder verw\u00fcstet, was auf die hei\u00dferen, trockeneren Bedingungen und die gestressten Baumbest\u00e4nde zur\u00fcckzuf\u00fchren ist. Sobald sichtbare Symptome auftreten, ist es f\u00fcr wirksame Ma\u00dfnahmen oft zu sp\u00e4t. Doch was w\u00e4re, wenn wir den Befall fr\u00fcher erkennen k\u00f6nnten, bevor es zu Verf\u00e4rbungen, Entlaubung oder Absterben kommt?<\/p>\n\n\n\n<p>Eine neue, von Experten begutachtete Studie von Europe-LAND-Forscherin Dr. Lucie Kupkova und ihrem Team geht genau dieser Frage nach. Ver\u00f6ffentlicht in\u00a0<em>\u00d6kologische Indikatoren<\/em>, In dem Artikel wird untersucht, ob hyperspektrale Bilder von unbemannten Luftfahrzeugen (UAVs), die oft als Drohnen bezeichnet werden, Anzeichen f\u00fcr einen Befall mit dem Borkenk\u00e4fer (Ips typographus) im \u201cgr\u00fcnen Stadium\u201d erkennen k\u00f6nnen, wenn die B\u00e4ume mit blo\u00dfem Auge noch gesund erscheinen.<\/p>\n\n\n\n<p><strong>Die Studie<\/strong><\/p>\n\n\n\n<p>W\u00e4hrend der Vegetationsperiode 2022 f\u00fchrte das Forschungsteam neun UAV-Fl\u00fcge \u00fcber einer Fichtenmonokultur im Krkono\u0161e-Nationalpark (Tschechien) durch und erfasste Hyperspektraldaten mit einer Aufl\u00f6sung von 3 cm. Sie \u00fcberwachten 23 befallene und 23 gesunde B\u00e4ume genau und nutzten Feldinspektionen, thermische Modellierung und Vegetationsindizes, um den zeitlichen Verlauf des Befalls zu verfolgen.<\/p>\n\n\n\n<p>Unter Verwendung statistischer Methoden wie Jeffries-Matusita-Abstand, \u00c4hnlichkeitsanalyse, Wilcoxon-Rangsummentests und Differenz-in-Differenzen zeigte die Studie, dass:<\/p>\n\n\n\n<ul class=\"wp-block-list\">\n<li>Der Befall war etwa drei Wochen nach dem ersten Befall, aber zwei Wochen vor der sichtbaren Kronenverf\u00e4rbung nachweisbar.<\/li>\n\n\n\n<li>Die aufschlussreichsten Wellenl\u00e4ngen lagen im roten Randbereich (692-706 nm) und im roten Bereich (626-644 nm) - lange bevor Ver\u00e4nderungen in Standard-RGB-Bildern sichtbar wurden.<\/li>\n\n\n\n<li>Die Unterteilung der gr\u00fcnen Phase in drei Teilphasen trug zur Verdeutlichung des Zeitplans und des Aufdeckungspotenzials bei:\n<ul class=\"wp-block-list\">\n<li>G-HS (versteckte Symptome, fr\u00fches Bohren der Rinde),<\/li>\n\n\n\n<li>G-BS (sichtbare Rindensymptome, gr\u00fcne Krone),<\/li>\n\n\n\n<li>G-YS (gr\u00fcn-gelbes Stadium, fr\u00fcher Kronenstress).<\/li>\n<\/ul>\n<\/li>\n<\/ul>\n\n\n\n<p><strong>Auswirkungen auf die Waldbewirtschaftung<\/strong><\/p>\n\n\n\n<p>Die Erkennung des Befalls im fr\u00fchen gr\u00fcnen Stadium ist f\u00fcr eine wirksame Bek\u00e4mpfung von entscheidender Bedeutung, da sie einen sanften Einschlag und eine gezielte Reaktion erm\u00f6glicht, bevor die Ausbr\u00fcche eskalieren. Gegenw\u00e4rtig wird der Befall oft zu sp\u00e4t erkannt: Sobald die Kronen vergilben oder das Absterben beginnt, haben sich die K\u00e4fer m\u00f6glicherweise bereits ausgebreitet.<\/p>\n\n\n\n<p>Durch die Kombination von hochaufl\u00f6senden Drohnenbildern mit Hyperspektralanalyse und Zeitreihendaten bietet diese Methode ein pr\u00e4ziseres und zeitnahes Instrument f\u00fcr Beh\u00f6rden und Waldbewirtschafter zur Bek\u00e4mpfung klimabedingter Sch\u00e4dlingsausbr\u00fcche.<\/p>\n\n\n\n<p><strong>Mehr erfahren<\/strong><\/p>\n\n\n\n<p>Lesen Sie den vollst\u00e4ndigen Artikel:<br><a rel=\"noreferrer noopener\" target=\"_blank\" href=\"https:\/\/www.sciencedirect.com\/science\/article\/pii\/S1470160X2500799X\">https:\/\/www.sciencedirect.com\/science\/article\/pii\/S1470160X2500799X<\/a><\/p>","protected":false},"excerpt":{"rendered":"<p>Bark beetle outbreaks have devastated spruce forests across Central Europe in recent years, driven by hotter, drier conditions and stressed tree stands. Once visible symptoms&hellip;<\/p>","protected":false},"author":6,"featured_media":1564,"comment_status":"closed","ping_status":"closed","sticky":false,"template":"","format":"standard","meta":{"footnotes":""},"categories":[1],"tags":[],"class_list":["post-1568","post","type-post","status-publish","format-standard","has-post-thumbnail","hentry","category-news"],"featured_image_url":{"thumbnail":"https:\/\/europe-land.eu\/wp-content\/uploads\/1-s2.0-S1470160X2500799X-gr1-150x150.jpg","medium":"https:\/\/europe-land.eu\/wp-content\/uploads\/1-s2.0-S1470160X2500799X-gr1-300x285.jpg","medium_large":"https:\/\/europe-land.eu\/wp-content\/uploads\/1-s2.0-S1470160X2500799X-gr1.jpg","large":"https:\/\/europe-land.eu\/wp-content\/uploads\/1-s2.0-S1470160X2500799X-gr1.jpg","1536x1536":"https:\/\/europe-land.eu\/wp-content\/uploads\/1-s2.0-S1470160X2500799X-gr1.jpg","2048x2048":"https:\/\/europe-land.eu\/wp-content\/uploads\/1-s2.0-S1470160X2500799X-gr1.jpg","trp-custom-language-flag":"https:\/\/europe-land.eu\/wp-content\/uploads\/1-s2.0-S1470160X2500799X-gr1-13x12.jpg"},"post_author":"Megan Curling","assigned_categories":"News","featured_image_src":"https:\/\/europe-land.eu\/wp-content\/uploads\/1-s2.0-S1470160X2500799X-gr1.jpg","author_info":{"display_name":"Megan Curling","author_link":"https:\/\/europe-land.eu\/de\/participant\/mcurling\/"},"_links":{"self":[{"href":"https:\/\/europe-land.eu\/de\/wp-json\/wp\/v2\/posts\/1568","targetHints":{"allow":["GET"]}}],"collection":[{"href":"https:\/\/europe-land.eu\/de\/wp-json\/wp\/v2\/posts"}],"about":[{"href":"https:\/\/europe-land.eu\/de\/wp-json\/wp\/v2\/types\/post"}],"author":[{"embeddable":true,"href":"https:\/\/europe-land.eu\/de\/wp-json\/wp\/v2\/users\/6"}],"replies":[{"embeddable":true,"href":"https:\/\/europe-land.eu\/de\/wp-json\/wp\/v2\/comments?post=1568"}],"version-history":[{"count":3,"href":"https:\/\/europe-land.eu\/de\/wp-json\/wp\/v2\/posts\/1568\/revisions"}],"predecessor-version":[{"id":1571,"href":"https:\/\/europe-land.eu\/de\/wp-json\/wp\/v2\/posts\/1568\/revisions\/1571"}],"wp:featuredmedia":[{"embeddable":true,"href":"https:\/\/europe-land.eu\/de\/wp-json\/wp\/v2\/media\/1564"}],"wp:attachment":[{"href":"https:\/\/europe-land.eu\/de\/wp-json\/wp\/v2\/media?parent=1568"}],"wp:term":[{"taxonomy":"category","embeddable":true,"href":"https:\/\/europe-land.eu\/de\/wp-json\/wp\/v2\/categories?post=1568"},{"taxonomy":"post_tag","embeddable":true,"href":"https:\/\/europe-land.eu\/de\/wp-json\/wp\/v2\/tags?post=1568"}],"curies":[{"name":"wp","href":"https:\/\/api.w.org\/{rel}","templated":true}]}}