{"id":1705,"date":"2024-02-08T14:02:00","date_gmt":"2024-02-08T13:02:00","guid":{"rendered":"https:\/\/europe-land.eu\/?p=1705"},"modified":"2026-02-12T14:03:50","modified_gmt":"2026-02-12T13:03:50","slug":"1st-annual-science-eu-policy-dialogue-16-april-2024","status":"publish","type":"post","link":"https:\/\/europe-land.eu\/da\/news\/1st-annual-science-eu-policy-dialogue-16-april-2024\/","title":{"rendered":"1st Annual Science-EU Policy Dialogue: 16 April 2024"},"content":{"rendered":"<h3 class=\"wp-block-heading\">Download slides fra arrangementet&nbsp;<a href=\"https:\/\/europe-land.eu\/wp-content\/uploads\/Science-EU-Policy-Dialogue_merged.pdf\">her<\/a><\/h3>\n\n\n\n<h3 class=\"wp-block-heading\"><em><strong>Baggrund<\/strong><\/em><\/h3>\n\n\n\n<p>\u00c6ndringer i arealanvendelse anses for at v\u00e6re en grundl\u00e6ggende \u00e5rsag til mange b\u00e6redygtighedsudfordringer, s\u00e5som f\u00f8devaresikkerhed, klimaforandringer og tab af biodiversitet. En dybere indsigt i dynamikken i \u00e6ndringer i arealanvendelse og de underliggende faktorer samt en vurdering af effektiviteten af forskellige arealforvaltningspraksisser p\u00e5 forskellige skalaer i forhold til at levere b\u00e6redygtige l\u00f8sninger er vigtige milep\u00e6le og et b\u00e6redygtigt bidrag til at opn\u00e5 de n\u00f8dvendige transformative \u00e6ndringer. Moderne strategier for arealanvendelse er n\u00f8dt til at tage h\u00f8jde for de mange forskellige interesser hos n\u00f8gleakt\u00f8rer samt de mange interaktioner og afvejninger af faktorer, der p\u00e5virker den nuv\u00e6rende arealanvendelse og de fremtidige beslutninger, der skal tr\u00e6ffes. Men der er ogs\u00e5 synergier, som kan opn\u00e5s gennem en bedre forst\u00e5else af de dynamikker og krav, der er forbundet med arealanvendelse, og som g\u00f8r det muligt at styre beslutningerne i retning af mere socialt orienterede fordele.<\/p>\n\n\n\n<p>Det er ud fra dette behov for at opn\u00e5 synergier og vigtigheden af beslutningstagning p\u00e5 h\u00f8jt niveau, at de tre europ\u00e6iske forskningsprojekter,&nbsp;<strong><a href=\"https:\/\/europe-land.eu\/da\/\">Europa-LAND<\/a>,&nbsp;<a href=\"http:\/\/www.mosaic-europe.eu\/\">MOSAIK<\/a>&nbsp;og&nbsp;<a href=\"https:\/\/pluschange.eu\/\">PLUS \u00c6ndring<\/a><\/strong>, g\u00e5 sammen om at n\u00e5 ud til politiske beslutningstagere, is\u00e6r p\u00e5 europ\u00e6isk plan, dvs. skabe en dedikeret storstilet&nbsp;<strong>EU<\/strong>&nbsp;<strong>Platform for dialog mellem videnskab og politik<\/strong>&nbsp;at samle relevante interessenter inden for arealanvendelse med det form\u00e5l at fremme den gensidige dialog om b\u00e6redygtig arealanvendelse og arealforvaltning. P\u00e5 den m\u00e5de \u00f8nsker projekterne at g\u00f8re det muligt for alle deltagere at<\/p>\n\n\n\n<ul class=\"wp-block-list\">\n<li>forbedre den f\u00e6lles forst\u00e5else af de forskellige perspektiver og behov inden for politik og videnskab, ogs\u00e5 med opm\u00e6rksomhed p\u00e5 civilsamfundets perspektiver, p\u00e5 europ\u00e6isk arealanvendelse, arealforvaltning og n\u00e6rt besl\u00e6gtede omr\u00e5der;<\/li>\n\n\n\n<li>udforske eksisterende behov, begr\u00e6nsninger og muligheder og identificere passende l\u00f8sninger til effektivt at h\u00e5ndtere eksisterende udfordringer b\u00e5de p\u00e5 forsknings- og politisk niveau; og<\/li>\n\n\n\n<li>foresl\u00e5 passende tilgange og konkrete rammer for design og samskabelse af b\u00e6redygtige strategier for arealanvendelse i t\u00e6t samarbejde med politiske beslutningstagere.<\/li>\n<\/ul>\n\n\n\n<p>Initieret af Europe-LAND s\u00f8ger det overordnede koncept at integrere en r\u00e6kke s\u00e6rlige aktiviteter i alle tre projekter, udnytte synergier i forbindelse med specifikke politikrelaterede tiltag og udnytte de enkelte forskningsprojekters s\u00e6rlige styrker og kapaciteter til at samle og dermed \u00f8ge den potentielle effekt af de individuelle projekttiltag.<\/p>\n\n\n\n<h3 class=\"wp-block-heading\"><em><strong>Dagsorden&nbsp;<\/strong><\/em><em>Science EU Policy Dialogue, 16. april 2024, kl. 10-12 (CET) online<\/em><\/h3>\n\n\n\n<p><strong>10:00 Officiel velkomst<\/strong><br>(Prof. Walter Leal, Hamburg University of Applied Sciences, Research and Transfer Centre Sustainable Development and Climate Change Management, Tyskland)<\/p>\n\n\n\n<p><strong>10:05 Welcoming Words \u2013&nbsp;<\/strong><strong><em>EU-mission om&nbsp;<\/em><\/strong><a href=\"https:\/\/research-and-innovation.ec.europa.eu\/funding\/funding-opportunities\/funding-programmes-and-open-calls\/horizon-europe\/eu-missions-horizon-europe\/adaptation-climate-change_en#:~:text=The%20EU%20Mission%20on%20Adaptation,and%20plan%20for%20climate%20resilience.\"><strong><em>Tilpasning til klimaforandringer (europa.eu)<\/em><\/strong><\/a><br>(Federico Porr\u00e0, Policy Officer \u2013 Climate, DG RTD \u2013 Climate and Planetary Boundaries&nbsp; (RTD.B3)<\/p>\n\n\n\n<p><strong>10:10 Mod b\u00e6redygtig arealanvendelse + arealforvaltning i Europa - introduktion til Horizon Europe-projektet Europe-LAND<\/strong><br>(Franziska Wolf, Hamburg University of Applied Sciences, Tyskland)<\/p>\n\n\n\n<p><strong>10:30<\/strong>&nbsp;<strong>Innovative og effektive politikker for b\u00e6redygtig arealanvendelse - introduktion til Horizon Europe-projektet MOSAIC og Policy Lab-tilgangen<\/strong><br>(Dieter Cuypers, VITO, Belgien og M\u00f3nica Vidal, Eurosite, EU)<\/p>\n\n\n\n<p><strong>10:45<\/strong>&nbsp;<em><strong>Opfyldelse af biodiversitet, klima og sociale m\u00e5l i en verden i forandring<\/strong><\/em><strong>&nbsp;- Introduktion til Horizon Europe-projektet PLUS-Change<\/strong><br>(Prof. Julia Mildorfova Leventon, CzechGlobe, Tjekkiet)<\/p>\n\n\n\n<p><strong>11:00 Introduktion til den overordnede politiske dialogproces for videnskab i EU&nbsp;<\/strong>(af facilitator)<\/p>\n\n\n\n<p><strong>11:15 Parallelle samskabelses-sessioner<\/strong><\/p>\n\n\n\n<p><em>Teknisk facilitering: Jasmin R\u00f6seler, Dominique da Silva, Hamburg University of Applied Sciences, Tyskland<\/em><\/p>\n\n\n\n<ul class=\"wp-block-list\">\n<li><strong>RUM A: EU-projekter; facilitering af eksperter:\u00a0<\/strong>Prof Julia Mildorfova Leventon, CzechGlobe, Tjekkiet, Franziska Wolf, HAW Hamburg, Tyskland<\/li>\n\n\n\n<li><strong>RUM B: EU-repr\u00e6sentanter; Ekspertfacilitering:\u00a0<\/strong><em>Dieter Cuypers, VITO, Belgien; Vincent O'Connell, PURPLE Network, Belgien<\/em><\/li>\n<\/ul>\n\n\n\n<p><strong>11:50 Kort opsummering af dagen<\/strong><\/p>\n\n\n\n<ul class=\"wp-block-list\">\n<li>Ordf\u00f8rer PLUSChange on Results V\u00e6relse A (<em>Prof. Julia Mildorfova Leventon, CzechGlobe, Tjekkiet<\/em>)<\/li>\n\n\n\n<li>Ordf\u00f8rer MOSAIC om resultater V\u00e6relse B (<em>Dieter Cuypers, VITO, Belgien; Vincent O'Connell, PURPLE Network, Belgien<\/em>)<\/li>\n\n\n\n<li>Udsigt til kommende resultater og opf\u00f8lgning i 2025 (<em>Franziska Wolf, Hamborgs universitet for anvendt videnskab, Hamborg)<\/em><\/li>\n<\/ul>\n\n\n\n<p><strong>12:00 Afslutning af arrangementet<\/strong><\/p>","protected":false},"excerpt":{"rendered":"<p>Download the slides from the event&nbsp;here Background Land-use changes are considered a root cause for many sustainability challenges, such as food security, climate change and&hellip;<\/p>","protected":false},"author":6,"featured_media":0,"comment_status":"closed","ping_status":"closed","sticky":false,"template":"","format":"standard","meta":{"footnotes":""},"categories":[1],"tags":[],"class_list":["post-1705","post","type-post","status-publish","format-standard","hentry","category-news"],"featured_image_url":[],"post_author":"Megan Curling","assigned_categories":"News","featured_image_src":null,"author_info":{"display_name":"Megan Curling","author_link":"https:\/\/europe-land.eu\/da\/participant\/mcurling\/"},"_links":{"self":[{"href":"https:\/\/europe-land.eu\/da\/wp-json\/wp\/v2\/posts\/1705","targetHints":{"allow":["GET"]}}],"collection":[{"href":"https:\/\/europe-land.eu\/da\/wp-json\/wp\/v2\/posts"}],"about":[{"href":"https:\/\/europe-land.eu\/da\/wp-json\/wp\/v2\/types\/post"}],"author":[{"embeddable":true,"href":"https:\/\/europe-land.eu\/da\/wp-json\/wp\/v2\/users\/6"}],"replies":[{"embeddable":true,"href":"https:\/\/europe-land.eu\/da\/wp-json\/wp\/v2\/comments?post=1705"}],"version-history":[{"count":1,"href":"https:\/\/europe-land.eu\/da\/wp-json\/wp\/v2\/posts\/1705\/revisions"}],"predecessor-version":[{"id":1706,"href":"https:\/\/europe-land.eu\/da\/wp-json\/wp\/v2\/posts\/1705\/revisions\/1706"}],"wp:attachment":[{"href":"https:\/\/europe-land.eu\/da\/wp-json\/wp\/v2\/media?parent=1705"}],"wp:term":[{"taxonomy":"category","embeddable":true,"href":"https:\/\/europe-land.eu\/da\/wp-json\/wp\/v2\/categories?post=1705"},{"taxonomy":"post_tag","embeddable":true,"href":"https:\/\/europe-land.eu\/da\/wp-json\/wp\/v2\/tags?post=1705"}],"curies":[{"name":"wp","href":"https:\/\/api.w.org\/{rel}","templated":true}]}}