{"id":1592,"date":"2025-11-13T11:00:52","date_gmt":"2025-11-13T10:00:52","guid":{"rendered":"https:\/\/europe-land.eu\/?p=1592"},"modified":"2025-11-13T11:00:53","modified_gmt":"2025-11-13T10:00:53","slug":"europe-land-at-the-european-parliament-farmers-and-scientists-unite-for-a-greener-cap","status":"publish","type":"post","link":"https:\/\/europe-land.eu\/da\/news\/europe-land-at-the-european-parliament-farmers-and-scientists-unite-for-a-greener-cap\/","title":{"rendered":"Europe-LAND i Europa-Parlamentet: Landm\u00e6nd og forskere forenes for en gr\u00f8nnere f\u00e6lles landbrugspolitik\u00a0"},"content":{"rendered":"<p>Hvordan kan videnskaben og landm\u00e6ndenes stemmer sammen forme det europ\u00e6iske landbrugs fremtid?&nbsp;<br>Den 11. november pr\u00e6senterede ledere fra Europe-LAND-konsortiet vores seneste forskning i Europa-Parlamentet i Bruxelles under en videnskabelig-politisk udveksling om \u201cHvordan den f\u00e6lles landbrugspolitik kan fremme b\u00e6redygtig landbrugspraksis\u201d.\u201d&nbsp;<\/p>\n\n\n\n<p>Arrangementet, som MEP'erne Maria Walsh, Maria Noichl og Michal Wiezik var v\u00e6rter for, samlede politiske beslutningstagere, forskere og landm\u00e6nd til en \u00e5ben diskussion om, hvordan evidens og erfaring kan lede den f\u00e6lles landbrugspolitik (CAP) mod st\u00f8rre b\u00e6redygtighed og modstandsdygtighed.&nbsp;<\/p>\n\n\n\n<figure class=\"wp-block-gallery has-nested-images columns-default is-cropped wp-block-gallery-1 is-layout-flex wp-block-gallery-is-layout-flex\">\n<figure class=\"wp-block-image size-large\"><img loading=\"lazy\" decoding=\"async\" width=\"768\" height=\"1024\" data-id=\"1594\" src=\"https:\/\/europe-land.eu\/wp-content\/uploads\/IMG-20251111-WA0027-768x1024.jpg\" alt=\"\" class=\"wp-image-1594\" srcset=\"https:\/\/europe-land.eu\/wp-content\/uploads\/IMG-20251111-WA0027-768x1024.jpg 768w, https:\/\/europe-land.eu\/wp-content\/uploads\/IMG-20251111-WA0027-225x300.jpg 225w, https:\/\/europe-land.eu\/wp-content\/uploads\/IMG-20251111-WA0027-1152x1536.jpg 1152w, https:\/\/europe-land.eu\/wp-content\/uploads\/IMG-20251111-WA0027-9x12.jpg 9w, https:\/\/europe-land.eu\/wp-content\/uploads\/IMG-20251111-WA0027.jpg 1200w\" sizes=\"auto, (max-width: 768px) 100vw, 768px\" \/><figcaption class=\"wp-element-caption\">Landmand Bodgan Andrei (Braila County, Rum\u00e6nien), Mihaela Sima, Franziska Wolf og Martin Rudbeck Jepsen poserer foran Europe-LAND-banneret.<\/figcaption><\/figure>\n\n\n\n<figure class=\"wp-block-image size-large\"><img loading=\"lazy\" decoding=\"async\" width=\"1024\" height=\"768\" data-id=\"1595\" src=\"https:\/\/europe-land.eu\/wp-content\/uploads\/IMG-20251111-WA0057-1024x768.jpg\" alt=\"\" class=\"wp-image-1595\" srcset=\"https:\/\/europe-land.eu\/wp-content\/uploads\/IMG-20251111-WA0057-1024x768.jpg 1024w, https:\/\/europe-land.eu\/wp-content\/uploads\/IMG-20251111-WA0057-300x225.jpg 300w, https:\/\/europe-land.eu\/wp-content\/uploads\/IMG-20251111-WA0057-768x576.jpg 768w, https:\/\/europe-land.eu\/wp-content\/uploads\/IMG-20251111-WA0057-1536x1152.jpg 1536w, https:\/\/europe-land.eu\/wp-content\/uploads\/IMG-20251111-WA0057-16x12.jpg 16w, https:\/\/europe-land.eu\/wp-content\/uploads\/IMG-20251111-WA0057.jpg 1600w\" sizes=\"auto, (max-width: 1024px) 100vw, 1024px\" \/><figcaption class=\"wp-element-caption\">Maria Noichl (S&amp;D), Maria Walsh (EPP), Elisabeth Werner (DG AGRI) deler tanker p\u00e5 vegne af Europa-Kommissionen og Europa-Parlamentet.<\/figcaption><\/figure>\n\n\n\n<figure class=\"wp-block-image size-large\"><img loading=\"lazy\" decoding=\"async\" width=\"1024\" height=\"768\" data-id=\"1596\" src=\"https:\/\/europe-land.eu\/wp-content\/uploads\/IMG-20251112-WA0000-1024x768.jpg\" alt=\"\" class=\"wp-image-1596\" srcset=\"https:\/\/europe-land.eu\/wp-content\/uploads\/IMG-20251112-WA0000-1024x768.jpg 1024w, https:\/\/europe-land.eu\/wp-content\/uploads\/IMG-20251112-WA0000-300x225.jpg 300w, https:\/\/europe-land.eu\/wp-content\/uploads\/IMG-20251112-WA0000-768x576.jpg 768w, https:\/\/europe-land.eu\/wp-content\/uploads\/IMG-20251112-WA0000-1536x1152.jpg 1536w, https:\/\/europe-land.eu\/wp-content\/uploads\/IMG-20251112-WA0000-16x12.jpg 16w, https:\/\/europe-land.eu\/wp-content\/uploads\/IMG-20251112-WA0000.jpg 1600w\" sizes=\"auto, (max-width: 1024px) 100vw, 1024px\" \/><figcaption class=\"wp-element-caption\">Bodgan Andrei, Mihaela Sima og Franziska Wolf deler indsigter fra Europe-LAND med salen.<\/figcaption><\/figure>\n\n\n\n<figure class=\"wp-block-image size-large\"><img loading=\"lazy\" decoding=\"async\" width=\"768\" height=\"1024\" data-id=\"1597\" src=\"https:\/\/europe-land.eu\/wp-content\/uploads\/IMG-20251112-WA0001-768x1024.jpg\" alt=\"\" class=\"wp-image-1597\" srcset=\"https:\/\/europe-land.eu\/wp-content\/uploads\/IMG-20251112-WA0001-768x1024.jpg 768w, https:\/\/europe-land.eu\/wp-content\/uploads\/IMG-20251112-WA0001-225x300.jpg 225w, https:\/\/europe-land.eu\/wp-content\/uploads\/IMG-20251112-WA0001-1152x1536.jpg 1152w, https:\/\/europe-land.eu\/wp-content\/uploads\/IMG-20251112-WA0001-9x12.jpg 9w, https:\/\/europe-land.eu\/wp-content\/uploads\/IMG-20251112-WA0001.jpg 1200w\" sizes=\"auto, (max-width: 768px) 100vw, 768px\" \/><figcaption class=\"wp-element-caption\">Blandt deltagerne var medlemmer af Europa-Parlamentet, assistenter til medlemmer af Europa-Parlamentet, landm\u00e6nd og projektrepr\u00e6sentanter.<\/figcaption><\/figure>\n\n\n\n<figure class=\"wp-block-image size-large\"><img loading=\"lazy\" decoding=\"async\" width=\"1024\" height=\"768\" data-id=\"1593\" src=\"https:\/\/europe-land.eu\/wp-content\/uploads\/IMG_20251111_122753-1024x768.jpg\" alt=\"\" class=\"wp-image-1593\" srcset=\"https:\/\/europe-land.eu\/wp-content\/uploads\/IMG_20251111_122753-1024x768.jpg 1024w, https:\/\/europe-land.eu\/wp-content\/uploads\/IMG_20251111_122753-300x225.jpg 300w, https:\/\/europe-land.eu\/wp-content\/uploads\/IMG_20251111_122753-768x576.jpg 768w, https:\/\/europe-land.eu\/wp-content\/uploads\/IMG_20251111_122753-1536x1152.jpg 1536w, https:\/\/europe-land.eu\/wp-content\/uploads\/IMG_20251111_122753-16x12.jpg 16w, https:\/\/europe-land.eu\/wp-content\/uploads\/IMG_20251111_122753.jpg 2048w\" sizes=\"auto, (max-width: 1024px) 100vw, 1024px\" \/><figcaption class=\"wp-element-caption\">Landmand Bodgan Andrei (Braila County, Rum\u00e6nien), Mihaela Sima, Franziska Wolf og Martin Rudbeck Jepsen poserer foran EU-Parlamentets bygning i Bruxelles, Belgien.<\/figcaption><\/figure>\n<\/figure>\n\n\n\n<p>Flere medlemmer af EU-parlamentet og assistenter til MEP'er deltog i udvekslingen, hvor vi i samarbejde med CAP4GI og Agroecology-TRANSECT-projekterne pr\u00e6senterede n\u00f8glebudskaber af relevans for det forslag til den f\u00e6lles landbrugspolitik, der er under udarbejdelse.&nbsp;<\/p>\n\n\n\n<p>Europe-LAND-pr\u00e6sentationen, der blev leveret af Assoc. Prof. Martin Rudbeck Jepsen (K\u00f8benhavns Universitet, Danmark), Dr. Franziska Wolf (Hamburg University of Applied Sciences, Tyskland) og Dr. Mihaela Sima (Romanian Academy, Rum\u00e6nien), delte indsigt i, hvordan landm\u00e6nd i hele EU reagerer p\u00e5 den f\u00e6lles landbrugspolitik og opfatter udfordringer i forbindelse med biodiversitet og klimaforandringer.&nbsp;<\/p>\n\n\n\n<p>Fire landm\u00e6nd fra Danmark, Rum\u00e6nien og Belgien delte perspektiver fra den virkelige verden, der afspejler b\u00e5de udfordringerne og mulighederne ved at implementere b\u00e6redygtige landbrugsmetoder.&nbsp;<\/p>\n\n\n\n<p>De vigtigste budskaber, der blev diskuteret, var&nbsp;<\/p>\n\n\n\n<ul class=\"wp-block-list\">\n<li>Forenkling af CAP-instrumenter og \u00f8get fleksibilitet for forskellige landbrugssystemer\u00a0<\/li>\n<\/ul>\n\n\n\n<ul class=\"wp-block-list\">\n<li>Incitamenter til biodiversitetsvenlig og klimaresistent praksis\u00a0<\/li>\n<\/ul>\n\n\n\n<ul class=\"wp-block-list\">\n<li>\u00d8get deltagelse af landm\u00e6nd i udformningen af landbrugspolitikken\u00a0<\/li>\n<\/ul>\n\n\n\n<ul class=\"wp-block-list\">\n<li>Tilskyndelse til regional tilpasning og datadeling p\u00e5 tv\u00e6rs af medlemslandene\u00a0<\/li>\n<\/ul>\n\n\n\n<p>Denne begivenhed repr\u00e6senterer vigtigheden af at forbinde videnskab og praksis i udformningen af den n\u00e6ste f\u00e6lles landbrugspolitik og sikre, at landm\u00e6ndenes stemmer og forskningens indsigter g\u00e5r h\u00e5nd i h\u00e5nd i Europas landbrugsomstilling.&nbsp;<\/p>","protected":false},"excerpt":{"rendered":"<p>How can science and farmers\u2019 voices together shape the future of European agriculture?&nbsp;On 11 November, leaders from the Europe-LAND consortium presented our latest research at&hellip;<\/p>","protected":false},"author":6,"featured_media":1593,"comment_status":"closed","ping_status":"closed","sticky":false,"template":"","format":"standard","meta":{"footnotes":""},"categories":[1],"tags":[],"class_list":["post-1592","post","type-post","status-publish","format-standard","has-post-thumbnail","hentry","category-news"],"featured_image_url":{"thumbnail":"https:\/\/europe-land.eu\/wp-content\/uploads\/IMG_20251111_122753-150x150.jpg","medium":"https:\/\/europe-land.eu\/wp-content\/uploads\/IMG_20251111_122753-300x225.jpg","medium_large":"https:\/\/europe-land.eu\/wp-content\/uploads\/IMG_20251111_122753-768x576.jpg","large":"https:\/\/europe-land.eu\/wp-content\/uploads\/IMG_20251111_122753-1024x768.jpg","1536x1536":"https:\/\/europe-land.eu\/wp-content\/uploads\/IMG_20251111_122753-1536x1152.jpg","2048x2048":"https:\/\/europe-land.eu\/wp-content\/uploads\/IMG_20251111_122753.jpg","trp-custom-language-flag":"https:\/\/europe-land.eu\/wp-content\/uploads\/IMG_20251111_122753-16x12.jpg"},"post_author":"Megan Curling","assigned_categories":"News","featured_image_src":"https:\/\/europe-land.eu\/wp-content\/uploads\/IMG_20251111_122753.jpg","author_info":{"display_name":"Megan Curling","author_link":"https:\/\/europe-land.eu\/da\/participant\/mcurling\/"},"_links":{"self":[{"href":"https:\/\/europe-land.eu\/da\/wp-json\/wp\/v2\/posts\/1592","targetHints":{"allow":["GET"]}}],"collection":[{"href":"https:\/\/europe-land.eu\/da\/wp-json\/wp\/v2\/posts"}],"about":[{"href":"https:\/\/europe-land.eu\/da\/wp-json\/wp\/v2\/types\/post"}],"author":[{"embeddable":true,"href":"https:\/\/europe-land.eu\/da\/wp-json\/wp\/v2\/users\/6"}],"replies":[{"embeddable":true,"href":"https:\/\/europe-land.eu\/da\/wp-json\/wp\/v2\/comments?post=1592"}],"version-history":[{"count":1,"href":"https:\/\/europe-land.eu\/da\/wp-json\/wp\/v2\/posts\/1592\/revisions"}],"predecessor-version":[{"id":1598,"href":"https:\/\/europe-land.eu\/da\/wp-json\/wp\/v2\/posts\/1592\/revisions\/1598"}],"wp:featuredmedia":[{"embeddable":true,"href":"https:\/\/europe-land.eu\/da\/wp-json\/wp\/v2\/media\/1593"}],"wp:attachment":[{"href":"https:\/\/europe-land.eu\/da\/wp-json\/wp\/v2\/media?parent=1592"}],"wp:term":[{"taxonomy":"category","embeddable":true,"href":"https:\/\/europe-land.eu\/da\/wp-json\/wp\/v2\/categories?post=1592"},{"taxonomy":"post_tag","embeddable":true,"href":"https:\/\/europe-land.eu\/da\/wp-json\/wp\/v2\/tags?post=1592"}],"curies":[{"name":"wp","href":"https:\/\/api.w.org\/{rel}","templated":true}]}}