{"id":1554,"date":"2025-09-10T16:51:59","date_gmt":"2025-09-10T14:51:59","guid":{"rendered":"https:\/\/europe-land.eu\/?p=1554"},"modified":"2025-09-10T16:52:00","modified_gmt":"2025-09-10T14:52:00","slug":"meet-the-partners-bialystok-university-of-technology-but","status":"publish","type":"post","link":"https:\/\/europe-land.eu\/cs\/news\/meet-the-partners-bialystok-university-of-technology-but\/","title":{"rendered":"Seznamte se s partnery: Technick\u00e1 univerzita v Bialystoku (VUT)"},"content":{"rendered":"<p><em>(Zleva doprava): Andrzej Kamocki, Agnieszka Wysocka-Czubaszek, Alicja Antochow, Piotr Banaszuk.<\/em>, <em>Anna Kononiuk, Joanna Godlewska, Ewa Gli\u0144ska Joanna Ejdys<\/em><\/p>\n\n\n\n<p>Technologickou univerzitu v Bialystoku (VUT) zastupuj\u00ed dva v\u00fdzkumn\u00e9 t\u00fdmy.&nbsp;<\/p>\n\n\n\n<p>Prvn\u00ed t\u00fdm v<strong>Technick\u00e1 univerzita v Bialystoku (VUT)<\/strong>se specializuje na oblasti<strong>ekologie mok\u0159ad\u016f, ekologick\u00e1 obnova a aktivn\u00ed ochrana mok\u0159adn\u00edch ekosyst\u00e9m\u016f.<\/strong>, se zvl\u00e1\u0161tn\u00edm d\u016frazem na<strong>ra\u0161elini\u0161t\u011b<\/strong>. Jejich pr\u00e1ce spojuje nejmodern\u011bj\u0161\u00ed technologie a ekologick\u00e9 znalosti na podporu udr\u017eiteln\u00e9ho \u0159\u00edzen\u00ed a ochrany mok\u0159ad\u016f. Skupina m\u00e1 rozs\u00e1hl\u00e9 zku\u0161enosti s uplat\u0148ov\u00e1n\u00edm<strong>pokro\u010dil\u00e9 geografick\u00e9 informa\u010dn\u00ed syst\u00e9my (GIS)<\/strong>a<strong>techniky d\u00e1lkov\u00e9ho pr\u016fzkumu Zem\u011b (DPZ)<\/strong>sledovat a analyzovat<strong>prostorov\u00e1 a \u010dasov\u00e1 dynamika mok\u0159adn\u00edch ekosyst\u00e9m\u016f.<\/strong>. Vyu\u017e\u00edv\u00e1me \u0161irokou \u0161k\u00e1lu zdroj\u016f dat d\u00e1lkov\u00e9ho pr\u016fzkumu Zem\u011b - v\u010detn\u011b.<strong>optick\u00e9 sn\u00edmky, radar (SAR) a LiDAR.<\/strong>-zji\u0161\u0165ovat zm\u011bny stavu, hydrologie a rozlohy ra\u0161elini\u0161\u0165 a dal\u0161\u00edch sladkovodn\u00edch mok\u0159ad\u016f. Tyto n\u00e1stroje jsou nezbytn\u00e9 pro identifikaci degradace, \u00fa\u010dink\u016f op\u011btovn\u00e9ho zamok\u0159en\u00ed a dopad\u016f vyu\u017e\u00edv\u00e1n\u00ed p\u016fdy v m\u011b\u0159\u00edtku jednotliv\u00fdch lokalit i v region\u00e1ln\u00edm m\u011b\u0159\u00edtku. V r\u00e1mci<strong>Evropa-Zem\u011b<\/strong>projekt, t\u00fdm VUT je zodpov\u011bdn\u00fd za<strong>harmonizace \u00fadaj\u016f z inventarizace mok\u0159ad\u016f a ra\u0161elini\u0161\u0165.<\/strong>integrac\u00ed n\u011bkolika mezin\u00e1rodn\u00edch soubor\u016f dat o rozloze sladkovodn\u00edch mok\u0159ad\u016f.Tato pr\u00e1ce umo\u017e\u0148uje p\u0159esn\u011bj\u0161\u00ed vymezen\u00ed mok\u0159ad\u016f.<strong>Hork\u00e1 m\u00edsta emis\u00ed sklen\u00edkov\u00fdch plyn\u016f v EU<\/strong>, a poskytuje tak z\u00e1sadn\u00ed v\u011bdeck\u00fd z\u00e1klad pro politiku v oblasti klimatu, \u00fazemn\u00ed pl\u00e1nov\u00e1n\u00ed a strategie zm\u00edr\u0148ov\u00e1n\u00ed dopad\u016f zm\u011bny klimatu zalo\u017een\u00e9 na p\u0159\u00edrod\u011b.&nbsp;<\/p>\n\n\n\n<p>Druh\u00fd t\u00fdm se specializuje na <strong>spole\u010densk\u00e9 v\u011bdy<\/strong> a uplat\u0148ov\u00e1n\u00ed participativn\u00edch metod (nap\u0159. foresight, metody sc\u00e9n\u00e1\u0159\u016f STEEPVL) p\u0159i \u0159\u00edzen\u00ed a pl\u00e1nov\u00e1n\u00ed budouc\u00edho \u00fazemn\u00edho rozvoje. VUT p\u0159isp\u011bje s WP3 a p\u0159\u00edpadovou studi\u00ed v r\u00e1mci WP5 a p\u0159ijme syst\u00e9m zkoum\u00e1n\u00ed sc\u00e9n\u00e1\u0159\u016f (SES) v problematice zm\u011bny vyu\u017eit\u00ed p\u016fdy.  V r\u00e1mci WP3 bude t\u00fdm identifikovat faktory ur\u010duj\u00edc\u00ed rozhodnut\u00ed o vyu\u017eit\u00ed p\u016fdy v kontextu zm\u011bny klimatu. P\u0159\u00edpadov\u00e1 studie B\u011blov\u011b\u017esk\u00e9ho pralesa slou\u017e\u00ed jako vynikaj\u00edc\u00ed referen\u010dn\u00ed bod pro zv\u00fd\u0161en\u00ed informovanosti r\u016fzn\u00fdch skupin zainteresovan\u00fdch stran.\u00a0<\/p>","protected":false},"excerpt":{"rendered":"<p>(Left to right): Andrzej Kamocki, Agnieszka Wysocka-Czubaszek, Alicja Antochow, Piotr Banaszuk, Anna Kononiuk, Joanna Godlewska, Ewa Gli\u0144ska Joanna Ejdys The Bialystok University of Technology (BUT)&hellip;<\/p>","protected":false},"author":6,"featured_media":1555,"comment_status":"closed","ping_status":"closed","sticky":false,"template":"","format":"standard","meta":{"footnotes":""},"categories":[1],"tags":[],"class_list":["post-1554","post","type-post","status-publish","format-standard","has-post-thumbnail","hentry","category-news"],"featured_image_url":{"thumbnail":"https:\/\/europe-land.eu\/wp-content\/uploads\/Untitled-design-6-150x150.png","medium":"https:\/\/europe-land.eu\/wp-content\/uploads\/Untitled-design-6-300x158.png","medium_large":"https:\/\/europe-land.eu\/wp-content\/uploads\/Untitled-design-6-768x403.png","large":"https:\/\/europe-land.eu\/wp-content\/uploads\/Untitled-design-6-1024x538.png","1536x1536":"https:\/\/europe-land.eu\/wp-content\/uploads\/Untitled-design-6.png","2048x2048":"https:\/\/europe-land.eu\/wp-content\/uploads\/Untitled-design-6.png","trp-custom-language-flag":"https:\/\/europe-land.eu\/wp-content\/uploads\/Untitled-design-6-18x9.png"},"post_author":"Megan Curling","assigned_categories":"News","featured_image_src":"https:\/\/europe-land.eu\/wp-content\/uploads\/Untitled-design-6.png","author_info":{"display_name":"Megan Curling","author_link":"https:\/\/europe-land.eu\/cs\/participant\/mcurling\/"},"_links":{"self":[{"href":"https:\/\/europe-land.eu\/cs\/wp-json\/wp\/v2\/posts\/1554","targetHints":{"allow":["GET"]}}],"collection":[{"href":"https:\/\/europe-land.eu\/cs\/wp-json\/wp\/v2\/posts"}],"about":[{"href":"https:\/\/europe-land.eu\/cs\/wp-json\/wp\/v2\/types\/post"}],"author":[{"embeddable":true,"href":"https:\/\/europe-land.eu\/cs\/wp-json\/wp\/v2\/users\/6"}],"replies":[{"embeddable":true,"href":"https:\/\/europe-land.eu\/cs\/wp-json\/wp\/v2\/comments?post=1554"}],"version-history":[{"count":2,"href":"https:\/\/europe-land.eu\/cs\/wp-json\/wp\/v2\/posts\/1554\/revisions"}],"predecessor-version":[{"id":1557,"href":"https:\/\/europe-land.eu\/cs\/wp-json\/wp\/v2\/posts\/1554\/revisions\/1557"}],"wp:featuredmedia":[{"embeddable":true,"href":"https:\/\/europe-land.eu\/cs\/wp-json\/wp\/v2\/media\/1555"}],"wp:attachment":[{"href":"https:\/\/europe-land.eu\/cs\/wp-json\/wp\/v2\/media?parent=1554"}],"wp:term":[{"taxonomy":"category","embeddable":true,"href":"https:\/\/europe-land.eu\/cs\/wp-json\/wp\/v2\/categories?post=1554"},{"taxonomy":"post_tag","embeddable":true,"href":"https:\/\/europe-land.eu\/cs\/wp-json\/wp\/v2\/tags?post=1554"}],"curies":[{"name":"wp","href":"https:\/\/api.w.org\/{rel}","templated":true}]}}