{"id":1150,"date":"2024-12-06T13:04:56","date_gmt":"2024-12-06T12:04:56","guid":{"rendered":"https:\/\/europe-land.eu\/?p=1150"},"modified":"2025-02-20T13:40:12","modified_gmt":"2025-02-20T12:40:12","slug":"living-lab-framework-established","status":"publish","type":"post","link":"https:\/\/europe-land.eu\/cs\/news\/living-lab-framework-established\/","title":{"rendered":"Vytvo\u0159en\u00ed r\u00e1mce \u017eiv\u00e9 laborato\u0159e"},"content":{"rendered":"<p>C\u00edlem projektu Europe-LAND je ovlivnit budouc\u00ed rozhodnut\u00ed o vyu\u017e\u00edv\u00e1n\u00ed p\u016fdy a podpo\u0159it \u00fasil\u00ed o zm\u00edrn\u011bn\u00ed zm\u011bny klimatu a zachov\u00e1n\u00ed biologick\u00e9 rozmanitosti. Z tohoto d\u016fvodu je z\u00e1sadn\u00ed pochopit pohledy r\u016fzn\u00fdch m\u00edstn\u00edch a n\u00e1rodn\u00edch zainteresovan\u00fdch stran, kter\u00e9 p\u0159ij\u00edmaj\u00ed p\u0159\u00edslu\u0161n\u00e1 rozhodnut\u00ed o vyu\u017e\u00edv\u00e1n\u00ed p\u016fdy. T\u00fdm Europe-LAND vypracoval r\u00e1mec \u017eiv\u00e9 laborato\u0159e, v n\u011bm\u017e jsou pops\u00e1ny navrhovan\u00e9 \u010dinnosti, jejich\u017e c\u00edlem je aktivn\u011b zapojit z\u00fa\u010dastn\u011bn\u00e9 strany v ka\u017ed\u00e9 partnersk\u00e9 zemi, aby se prozkoumalo jejich pov\u011bdom\u00ed o zm\u011bn\u00e1ch klimatu a v\u00fdzv\u00e1ch v oblasti biologick\u00e9 rozmanitosti a aby se zjistily probl\u00e9my, o\u010dek\u00e1v\u00e1n\u00ed a m\u00edstn\u00ed charakteristiky, s nimi\u017e se v m\u00edstn\u00edch podm\u00ednk\u00e1ch pot\u00fdkaj\u00ed, pokud jde o rozhodov\u00e1n\u00ed o vyu\u017e\u00edv\u00e1n\u00ed p\u016fdy. V\u00fdsledky maj\u00ed slou\u017eit v\u0161em partner\u016fm projektu k p\u0159izp\u016fsoben\u00ed jejich v\u00fdzkumn\u00fdch metod a simula\u010dn\u00edch n\u00e1stroj\u016f tak, aby n\u00e1le\u017eit\u011b \u0159e\u0161ily skute\u010dn\u00e9 v\u00fdzvy, s nimi\u017e se z\u00fa\u010dastn\u011bn\u00e9 subjekty setk\u00e1vaj\u00ed, pokud jde o p\u0159ijet\u00ed udr\u017eiteln\u00e9ho \u0159\u00edzen\u00ed vyu\u017e\u00edv\u00e1n\u00ed p\u016fdy v souvislosti se zm\u011bnou klimatu.<\/p>\n\n\n\n<p>Metodick\u00fd r\u00e1mec \u017eiv\u00e9 laborato\u0159e je k dispozici v na\u0161\u00ed komunit\u011b Zenodo: <a href=\"https:\/\/zenodo.org\/communities\/europeland\/\">https:\/\/zenodo.org\/communities\/europeland\/<\/a><\/p>","protected":false},"excerpt":{"rendered":"<p>C\u00edlem projektu Europe-LAND je ovlivnit budouc\u00ed rozhodnut\u00ed o vyu\u017e\u00edv\u00e1n\u00ed p\u016fdy a podpo\u0159it \u00fasil\u00ed o zm\u00edrn\u011bn\u00ed zm\u011bny klimatu a zachov\u00e1n\u00ed biologick\u00e9 rozmanitosti. Proto je z\u00e1sadn\u00ed pochopit perspektivy...<\/p>","protected":false},"author":6,"featured_media":1151,"comment_status":"closed","ping_status":"closed","sticky":false,"template":"","format":"standard","meta":{"footnotes":""},"categories":[1],"tags":[],"class_list":["post-1150","post","type-post","status-publish","format-standard","has-post-thumbnail","hentry","category-news"],"featured_image_url":{"thumbnail":"https:\/\/europe-land.eu\/wp-content\/uploads\/pexels-fauxels-3183197-150x150.jpg","medium":"https:\/\/europe-land.eu\/wp-content\/uploads\/pexels-fauxels-3183197-300x200.jpg","medium_large":"https:\/\/europe-land.eu\/wp-content\/uploads\/pexels-fauxels-3183197-768x513.jpg","large":"https:\/\/europe-land.eu\/wp-content\/uploads\/pexels-fauxels-3183197-1024x683.jpg","1536x1536":"https:\/\/europe-land.eu\/wp-content\/uploads\/pexels-fauxels-3183197-1536x1025.jpg","2048x2048":"https:\/\/europe-land.eu\/wp-content\/uploads\/pexels-fauxels-3183197-2048x1367.jpg","trp-custom-language-flag":"https:\/\/europe-land.eu\/wp-content\/uploads\/pexels-fauxels-3183197-scaled.jpg"},"post_author":"Megan Curling","assigned_categories":"News","featured_image_src":"https:\/\/europe-land.eu\/wp-content\/uploads\/pexels-fauxels-3183197-scaled.jpg","author_info":{"display_name":"Megan Curling","author_link":"https:\/\/europe-land.eu\/cs\/participant\/mcurling\/"},"_links":{"self":[{"href":"https:\/\/europe-land.eu\/cs\/wp-json\/wp\/v2\/posts\/1150","targetHints":{"allow":["GET"]}}],"collection":[{"href":"https:\/\/europe-land.eu\/cs\/wp-json\/wp\/v2\/posts"}],"about":[{"href":"https:\/\/europe-land.eu\/cs\/wp-json\/wp\/v2\/types\/post"}],"author":[{"embeddable":true,"href":"https:\/\/europe-land.eu\/cs\/wp-json\/wp\/v2\/users\/6"}],"replies":[{"embeddable":true,"href":"https:\/\/europe-land.eu\/cs\/wp-json\/wp\/v2\/comments?post=1150"}],"version-history":[{"count":2,"href":"https:\/\/europe-land.eu\/cs\/wp-json\/wp\/v2\/posts\/1150\/revisions"}],"predecessor-version":[{"id":1245,"href":"https:\/\/europe-land.eu\/cs\/wp-json\/wp\/v2\/posts\/1150\/revisions\/1245"}],"wp:featuredmedia":[{"embeddable":true,"href":"https:\/\/europe-land.eu\/cs\/wp-json\/wp\/v2\/media\/1151"}],"wp:attachment":[{"href":"https:\/\/europe-land.eu\/cs\/wp-json\/wp\/v2\/media?parent=1150"}],"wp:term":[{"taxonomy":"category","embeddable":true,"href":"https:\/\/europe-land.eu\/cs\/wp-json\/wp\/v2\/categories?post=1150"},{"taxonomy":"post_tag","embeddable":true,"href":"https:\/\/europe-land.eu\/cs\/wp-json\/wp\/v2\/tags?post=1150"}],"curies":[{"name":"wp","href":"https:\/\/api.w.org\/{rel}","templated":true}]}}